{"id":50738,"date":"2022-01-14T18:17:35","date_gmt":"2022-01-14T22:17:35","guid":{"rendered":"https:\/\/www.brazilianpress.com\/v1\/?p=50738"},"modified":"2022-01-14T18:17:35","modified_gmt":"2022-01-14T22:17:35","slug":"infeccoes-por-coronavirus-dentro-dos-centros-de-detencao-de-imigracao-dos-eua-aumentam-520-%e2%80%8b%e2%80%8bem-2022","status":"publish","type":"post","link":"https:\/\/www.brazilianpress.com\/v1\/2022\/01\/14\/infeccoes-por-coronavirus-dentro-dos-centros-de-detencao-de-imigracao-dos-eua-aumentam-520-%e2%80%8b%e2%80%8bem-2022\/","title":{"rendered":"Infec\u00e7\u00f5es por coronav\u00edrus dentro dos centros de deten\u00e7\u00e3o de imigra\u00e7\u00e3o dos EUA aumentam 520% \u200b\u200bem 2022"},"content":{"rendered":"<p><strong>O n\u00famero de infec\u00e7\u00f5es por coronav\u00edrus entre imigrantes detidos nos centros de deten\u00e7\u00e3o do Servi\u00e7o de Imigra\u00e7\u00e3o e Alf\u00e2ndega dos EUA (ICE) aumentou 520% \u200b\u200bdesde o in\u00edcio de 2022, levando a pedidos de aumento dos esfor\u00e7os de vacina\u00e7\u00e3o e liberta\u00e7\u00e3o de detidos. Na quinta-feira, 1.766 imigrantes estavam sendo monitorados ou isolados nas instala\u00e7\u00f5es de deten\u00e7\u00e3o do ICE devido a infec\u00e7\u00f5es confirmadas por coronav\u00edrus, um salto de mais de seis vezes em rela\u00e7\u00e3o a 3 de janeiro, quando havia 285 casos ativos, mostram as estat\u00edsticas do governo .<\/strong><\/p>\n<p>O n\u00famero de detidos com casos ativos de COVID-19 representa 8% dos 22.000 imigrantes que o ICE mant\u00e9m atualmente em sua rede de 200 centros de deten\u00e7\u00e3o, pris\u00f5es de condados e pris\u00f5es com fins lucrativos. Desde o in\u00edcio da pandemia, mais de 32.000 imigrantes testaram positivo para o coronav\u00edrus enquanto estavam sob cust\u00f3dia do ICE, segundo dados da ag\u00eancia. At\u00e9 agora, o ICE registrou 11 mortes de detidos relacionadas ao coronav\u00edrus.<\/p>\n<p><img src=\"https:\/\/cbsnews1.cbsistatic.com\/hub\/i\/r\/2022\/01\/14\/ba1487bc-5981-4785-8e37-a005231ce11a\/thumbnail\/620x413\/411e67277b796bcd8b9aa3a67925192a\/ap-19351056045339.jpg#\" alt=\"ICE Detention Center \" \/><\/p>\n<p>O recente aumento nos casos de COVID nos locais de deten\u00e7\u00e3o do ICE ocorre em meio \u00e0 r\u00e1pida dissemina\u00e7\u00e3o nacional da variante Omicron , que foi considerada mais transmiss\u00edvel do que outras cepas do v\u00edrus. Um alto funcion\u00e1rio do ICE que concordou em falar sob condi\u00e7\u00e3o de anonimato defendeu a resposta \u00e0 pandemia da ag\u00eancia, dizendo que esperava um aumento nas infec\u00e7\u00f5es devido \u00e0 variante Omicron. O funcion\u00e1rio observou que o ICE exige que os imigrantes sejam submetidos a testes e uma quarentena de 14 dias ao entrar em um centro de deten\u00e7\u00e3o. Em um comunicado na sexta-feira, o ICE disse que a taxa de positividade do coronav\u00edrus em algumas de suas instala\u00e7\u00f5es de deten\u00e7\u00e3o &#8220;\u00e9 menor &#8211; em alguns pontos significativamente menor &#8211; do que a comunidade local por causa dos rigorosos testes e protocolos de quarentena em vigor&#8221;.<\/p>\n<p>Mas o aumento acentuado de infec\u00e7\u00f5es renovou as preocupa\u00e7\u00f5es sobre a campanha de vacina\u00e7\u00e3o de detentos do ICE, uma taxa significativa de recusa de vacinas, transfer\u00eancias frequentes de instala\u00e7\u00e3o para instala\u00e7\u00e3o e a decis\u00e3o da ag\u00eancia de manter milhares de imigrantes com condi\u00e7\u00f5es m\u00e9dicas subjacentes em deten\u00e7\u00e3o. De acordo com dados n\u00e3o publicados do ICE obtidos pela CBS News, 48.246 detidos receberam pelo menos uma dose de uma vacina contra o coronav\u00edrus. Em 5 de janeiro, 671 imigrantes sob cust\u00f3dia do ICE receberam uma dose de refor\u00e7o, que a ag\u00eancia disse que come\u00e7ou a oferecer no final de novembro. \u201cA distribui\u00e7\u00e3o da dose de refor\u00e7o \u00e9 baixa porque o tempo m\u00e9dio de perman\u00eancia dos indiv\u00edduos sob cust\u00f3dia do ICE \u00e9 de cerca de um m\u00eas \u2013 bem abaixo do requisito de elegibilidade\u201d, disse a ag\u00eancia. \u201cPor exemplo, se um indiv\u00edduo recebe sua vacina\u00e7\u00e3o prim\u00e1ria enquanto est\u00e1 sob cust\u00f3dia do ICE, a maioria dos indiv\u00edduos n\u00e3o est\u00e1 mais sob cust\u00f3dia do ICE quando se torna eleg\u00edvel para receber um refor\u00e7o 2-6 meses depois\u201d.<\/p>\n<p>Embora o n\u00famero de detidos do ICE que receberam uma vacina tenha mais que dobrado desde agosto de 2021, a ag\u00eancia n\u00e3o disse quantos imigrantes atualmente sob cust\u00f3dia s\u00e3o vacinados. Os 48.246 indiv\u00edduos que receberam uma vacina contra o coronav\u00edrus em deten\u00e7\u00e3o tamb\u00e9m representam apenas um ter\u00e7o dos 141.000 imigrantes que entraram sob cust\u00f3dia do ICE ap\u00f3s julho de 2021, quando a ag\u00eancia recebeu sua primeira aloca\u00e7\u00e3o federal de vacinas para detidos, de acordo com uma an\u00e1lise de dados do governo . Antes de julho de 2021, o ICE contava com aloca\u00e7\u00f5es estaduais e locais de vacinas para vacinar um n\u00famero limitado de imigrantes sob sua cust\u00f3dia, uma estrat\u00e9gia que foi fortemente criticada por defensores e especialistas em sa\u00fade p\u00fablica. De acordo com registros in\u00e9ditos do ICE, 37,6% dos imigrantes que receberam a vacina pela ag\u00eancia a recusaram.<\/p>\n<p>Citando relatos de detidos, especialistas em sa\u00fade p\u00fablica e advogados disseram que a desconfian\u00e7a do governo, a desinforma\u00e7\u00e3o, a falta de materiais educacionais e a hesita\u00e7\u00e3o mais ampla da sociedade sobre vacinas podem ser raz\u00f5es que levam os imigrantes a rejeitar a vacina\u00e7\u00e3o enquanto est\u00e3o sob cust\u00f3dia dos EUA. \u201cTornar vacinas dispon\u00edveis para os detidos \u00e9 essencial, mas deve ser combinado com educa\u00e7\u00e3o e aconselhamento eficazes para superar o ceticismo e a confus\u00e3o em rela\u00e7\u00e3o ao COVID e \u00e0s vacinas\u201d, disse Scott Allen , m\u00e9dico especializado no tratamento m\u00e9dico de migrantes sob cust\u00f3dia dos EUA, \u00e0 CBS News. Allen, que tamb\u00e9m aconselha o Departamento de Seguran\u00e7a Interna sobre as condi\u00e7\u00f5es de deten\u00e7\u00e3o, acrescentou: &#8220;Como para qualquer outra pessoa, a decis\u00e3o de aceitar ou recusar uma vacina\u00e7\u00e3o envolve consentimento informado, portanto, a educa\u00e7\u00e3o em sa\u00fade e o aconselhamento individual devem fazer parte da estrat\u00e9gia para aumentar a vacina\u00e7\u00e3o. aceita\u00e7\u00e3o entre os detidos\u201d.<\/p>\n<p>O alto funcion\u00e1rio do ICE disse que a ag\u00eancia traduziu os formul\u00e1rios de consentimento de vacina\u00e7\u00e3o para espanhol, franc\u00eas, crioulo haitiano, portugu\u00eas e punjabi. \u201cO Servi\u00e7o de Imigra\u00e7\u00e3o e Alf\u00e2ndega dos EUA (ICE) continua comprometido em aplicar as orienta\u00e7\u00f5es do CDC e fornecer educa\u00e7\u00e3o sobre vacinas que garanta que aqueles sob nossos cuidados e cust\u00f3dia possam fazer uma escolha informada durante esta pandemia global\u201d, afirmou a ag\u00eancia em comunicado. Advogados de todo o pa\u00eds tamb\u00e9m pediram ao ICE que libere imigrantes com problemas m\u00e9dicos. V\u00e1rios advogados relataram que clientes com condi\u00e7\u00f5es que variam de s\u00edndrome inflamat\u00f3ria intestinal e diabetes a transtorno de estresse p\u00f3s-traum\u00e1tico tiveram sua libera\u00e7\u00e3o negada por causa de antecedentes criminais.<\/p>\n<p><img src=\"https:\/\/cbsnews1.cbsistatic.com\/hub\/i\/r\/2020\/04\/30\/6d82fae8-9eb6-40f1-a4f7-be56c11830f3\/thumbnail\/620x413\/6bf036b725a16ff580cb046ec71be847\/ap-19243609145369.jpg#\" alt=\"Adelanto ICE Processing Center \" \/><\/p>\n<p>De acordo com registros do governo fornecidos a advogados em um processo judicial federal, havia 5.200 imigrantes em deten\u00e7\u00e3o do ICE no final de dezembro cujos problemas de sa\u00fade ou idade os colocavam em maior risco de adoecer gravemente ou morrer se contra\u00edssem o coronav\u00edrus. \u201cO n\u00famero de pessoas medicamente vulner\u00e1veis \u200b\u200bsob cust\u00f3dia do ICE \u00e9 chocante\u201d, disse Eunice Cho, advogada da Uni\u00e3o Americana pelas Liberdades Civis que se concentra em quest\u00f5es de deten\u00e7\u00e3o, \u00e0 CBS News. &#8220;O governo Biden precisa dar uma olhada muito r\u00e1pida e dura em quem eles est\u00e3o detendo e ser muito agressivo para garantir que eles estejam liberando as pessoas para a seguran\u00e7a de suas casas&#8221;. O alto funcion\u00e1rio do ICE observou que a ag\u00eancia liberou milhares de detidos em risco por causa de suas pr\u00f3prias pol\u00edticas da era da pandemia e ordens judiciais federais. O ICE tamb\u00e9m considera se os imigrantes detidos podem representar uma amea\u00e7a \u00e0 &#8220;seguran\u00e7a p\u00fablica&#8221; se forem libertados, acrescentou o funcion\u00e1rio.<\/p>\n<p>At\u00e9 quinta-feira, disse a autoridade, n\u00e3o havia hospitaliza\u00e7\u00f5es relacionadas ao coronav\u00edrus de imigrantes detidos nas 21 instala\u00e7\u00f5es de deten\u00e7\u00e3o atendidas diretamente pelo ICE Health Service Corps, o bra\u00e7o m\u00e9dico da ag\u00eancia. O funcion\u00e1rio n\u00e3o forneceu dados de hospitaliza\u00e7\u00e3o para as pontua\u00e7\u00f5es de outras instala\u00e7\u00f5es de deten\u00e7\u00e3o usadas pelo ICE.<\/p>\n<p>Ao contr\u00e1rio dos sistemas prisionais federais ou estaduais, a deten\u00e7\u00e3o do ICE \u00e9, legalmente, um procedimento civil projetado para garantir que o governo tenha a cust\u00f3dia de n\u00e3o cidad\u00e3os que pretende deportar por causa de viola\u00e7\u00f5es de imigra\u00e7\u00e3o. Indiv\u00edduos detidos pelo ICE incluem migrantes que cruzaram recentemente a fronteira sul, requerentes de asilo, residentes permanentes condenados por crimes que os tornam deport\u00e1veis \u200b\u200be outros n\u00e3o cidad\u00e3os, incluindo imigrantes n\u00e3o autorizados presos por causa de antecedentes criminais. Aproximadamente 76% dos 22.000 imigrantes atualmente detidos pelo ICE n\u00e3o t\u00eam antecedentes criminais e muitos deles foram transferidos da cust\u00f3dia da fronteira dos EUA, mostram n\u00fameros do governo. Os 24% restantes t\u00eam condena\u00e7\u00f5es criminais ou acusa\u00e7\u00f5es pendentes.<\/p>\n<p>Partindo das prioridades mais amplas de deporta\u00e7\u00e3o da era Trump, o governo Biden procurou restringir o escopo das pris\u00f5es do ICE, instruindo os agentes a se concentrarem na deten\u00e7\u00e3o de transfronteiri\u00e7os, n\u00e3o cidad\u00e3os condenados por crimes graves e imigrantes considerados amea\u00e7adores \u00e0 seguran\u00e7a nacional. As condi\u00e7\u00f5es de deten\u00e7\u00e3o e os servi\u00e7os m\u00e9dicos nas instala\u00e7\u00f5es do ICE foram fortemente criticados durante e antes da pandemia, inclusive por \u00f3rg\u00e3os de vigil\u00e2ncia do governo. Um relat\u00f3rio de setembro de 2021 do Inspetor Geral do DHS descobriu que as instala\u00e7\u00f5es de deten\u00e7\u00e3o inspecionadas do ICE n\u00e3o seguiam todos os protocolos de mitiga\u00e7\u00e3o de coronav\u00edrus. Ao contr\u00e1rio do ICE, a Alf\u00e2ndega e Prote\u00e7\u00e3o de Fronteiras dos EUA (CBP) n\u00e3o fornece sistematicamente testes de coronav\u00edrus ou vacina\u00e7\u00e3o para migrantes sob sua cust\u00f3dia durante a pandemia, argumentando que suas instala\u00e7\u00f5es de deten\u00e7\u00e3o s\u00e3o projetadas para cust\u00f3dia de curto prazo.<\/p>\n<p>Em vez disso, o CBP confiou em grupos sem fins lucrativos para testar os migrantes que libera. N\u00e3o foi at\u00e9 o m\u00eas passado que a ag\u00eancia come\u00e7ou a oferecer vacinas a um n\u00famero limitado de migrantes inscritos nos Protocolos de Prote\u00e7\u00e3o a Migrantes (MPP), uma pol\u00edtica da era Trump que exige que eles esperem no M\u00e9xico por suas audi\u00eancias de asilo. &#8220;A vacina\u00e7\u00e3o COVID-19 para migrantes sob cust\u00f3dia do CBP est\u00e1 sendo fornecida apenas aos inscritos no MPP e \u00e9 administrada pela equipe contratada do Departamento de Sa\u00fade e Servi\u00e7os Humanos&#8221;, disse a ag\u00eancia em comunicado. Citando a dissemina\u00e7\u00e3o &#8220;sem precedentes&#8221; da variante Omicron, Allen, especialista em sa\u00fade p\u00fablica, instou o governo a tomar v\u00e1rias medidas para proteger os migrantes sob sua cust\u00f3dia. &#8220;O governo tem a responsabilidade absoluta de proteger os indiv\u00edduos que det\u00e9m, bem como funcion\u00e1rios e comunidades vizinhas, de uma amea\u00e7a s\u00e9ria como a COVID, usando todas as ferramentas razo\u00e1veis, incluindo educa\u00e7\u00e3o, redu\u00e7\u00e3o da popula\u00e7\u00e3o, testes, m\u00e1scaras e vacinas, incluindo refor\u00e7os&#8221;, disse ele. disse. \/\/ Fonte: CBS News.<\/p>\n","protected":false},"excerpt":{"rendered":"<p>O n\u00famero de infec\u00e7\u00f5es por coronav\u00edrus entre imigrantes detidos nos centros de deten\u00e7\u00e3o do Servi\u00e7o de Imigra\u00e7\u00e3o e Alf\u00e2ndega dos EUA (ICE) aumentou 520% \u200b\u200bdesde o in\u00edcio de 2022, levando a pedidos de aumento dos esfor\u00e7os de vacina\u00e7\u00e3o e liberta\u00e7\u00e3o de detidos. Na quinta-feira, 1.766 imigrantes estavam sendo monitorados ou isolados nas instala\u00e7\u00f5es de deten\u00e7\u00e3o do ICE devido a infec\u00e7\u00f5es confirmadas por coronav\u00edrus, um salto de mais de seis vezes em rela\u00e7\u00e3o a 3 de janeiro, quando havia 285 casos ativos, mostram as estat\u00edsticas do governo . O n\u00famero de detidos com casos ativos de COVID-19 representa 8% dos 22.000 [&hellip;]<\/p>\n","protected":false},"author":1,"featured_media":50739,"comment_status":"open","ping_status":"closed","sticky":false,"template":"","format":"standard","meta":{"_links_to":"","_links_to_target":""},"categories":[4,3,1],"tags":[],"views":1595,"_links":{"self":[{"href":"https:\/\/www.brazilianpress.com\/v1\/wp-json\/wp\/v2\/posts\/50738"}],"collection":[{"href":"https:\/\/www.brazilianpress.com\/v1\/wp-json\/wp\/v2\/posts"}],"about":[{"href":"https:\/\/www.brazilianpress.com\/v1\/wp-json\/wp\/v2\/types\/post"}],"author":[{"embeddable":true,"href":"https:\/\/www.brazilianpress.com\/v1\/wp-json\/wp\/v2\/users\/1"}],"replies":[{"embeddable":true,"href":"https:\/\/www.brazilianpress.com\/v1\/wp-json\/wp\/v2\/comments?post=50738"}],"version-history":[{"count":1,"href":"https:\/\/www.brazilianpress.com\/v1\/wp-json\/wp\/v2\/posts\/50738\/revisions"}],"predecessor-version":[{"id":50740,"href":"https:\/\/www.brazilianpress.com\/v1\/wp-json\/wp\/v2\/posts\/50738\/revisions\/50740"}],"wp:featuredmedia":[{"embeddable":true,"href":"https:\/\/www.brazilianpress.com\/v1\/wp-json\/wp\/v2\/media\/50739"}],"wp:attachment":[{"href":"https:\/\/www.brazilianpress.com\/v1\/wp-json\/wp\/v2\/media?parent=50738"}],"wp:term":[{"taxonomy":"category","embeddable":true,"href":"https:\/\/www.brazilianpress.com\/v1\/wp-json\/wp\/v2\/categories?post=50738"},{"taxonomy":"post_tag","embeddable":true,"href":"https:\/\/www.brazilianpress.com\/v1\/wp-json\/wp\/v2\/tags?post=50738"}],"curies":[{"name":"wp","href":"https:\/\/api.w.org\/{rel}","templated":true}]}}