{"id":50741,"date":"2022-01-15T13:20:23","date_gmt":"2022-01-15T17:20:23","guid":{"rendered":"https:\/\/www.brazilianpress.com\/v1\/?p=50741"},"modified":"2022-01-15T13:20:23","modified_gmt":"2022-01-15T17:20:23","slug":"supermercados-dos-eua-enfrentam-desabastecimento-apos-avanco-da-omicron","status":"publish","type":"post","link":"https:\/\/www.brazilianpress.com\/v1\/2022\/01\/15\/supermercados-dos-eua-enfrentam-desabastecimento-apos-avanco-da-omicron\/","title":{"rendered":"Supermercados dos EUA enfrentam desabastecimento ap\u00f3s avan\u00e7o da \u00f4micron"},"content":{"rendered":"<p><strong>O avan\u00e7o da variante \u00d4micron do coronav\u00edrus est\u00e1 prejudicando o abastecimento de supermercados dos Estados Unidos. Por causa da nova cepa, que \u00e9 mais transmiss\u00edvel, muitos funcion\u00e1rios das redes de lojas est\u00e3o afastados, o que leva ao problema na cadeia de abastecimento. \u201cN\u00e3o encontrei tudo o que vim comprar. Algumas prateleiras estavam vazias, queria algumas coisas para limpar, mas n\u00e3o havia nada\u201d, disse Anne, uma moradora Washington DC, \u00e0 EFE.<\/strong><\/p>\n<p>No supermercado n\u00e3o tinham alimentos na se\u00e7\u00e3o de frutas e legumes, carne bovina ou de frango ou produtos de limpeza. Entretanto, n\u00e3o \u00e9 a primeira vez que as prateleiras ficam vazias nos hipermercados norte-americanos. No in\u00edcio da pandemia, em mar\u00e7o de 2020, houve escassez de papel higi\u00eanico, massa, farinha e outros produtos.<\/p>\n<p>\u201c[A \u00d4micron] est\u00e1 atingindo todos os Estados Unidos ao mesmo tempo, por isso as mercearias e os produtores de alimentos est\u00e3o lidando com funcion\u00e1rios que adoecem ou pedem para serem colocados em quarentena\u201d, disse Patrick Penfield, professor de Pr\u00e1ticas da Cadeia de Abastecimento da Universidade de Syracuse. A estimativa do especialista \u00e9 que a situa\u00e7\u00e3o de desabastecimento em alguns supermercados dure \u201cprovavelmente dois meses\u201d.<\/p>\n","protected":false},"excerpt":{"rendered":"<p>O avan\u00e7o da variante \u00d4micron do coronav\u00edrus est\u00e1 prejudicando o abastecimento de supermercados dos Estados Unidos. Por causa da nova cepa, que \u00e9 mais transmiss\u00edvel, muitos funcion\u00e1rios das redes de lojas est\u00e3o afastados, o que leva ao problema na cadeia de abastecimento. \u201cN\u00e3o encontrei tudo o que vim comprar. Algumas prateleiras estavam vazias, queria algumas coisas para limpar, mas n\u00e3o havia nada\u201d, disse Anne, uma moradora Washington DC, \u00e0 EFE. No supermercado n\u00e3o tinham alimentos na se\u00e7\u00e3o de frutas e legumes, carne bovina ou de frango ou produtos de limpeza. Entretanto, n\u00e3o \u00e9 a primeira vez que as prateleiras ficam [&hellip;]<\/p>\n","protected":false},"author":1,"featured_media":50742,"comment_status":"open","ping_status":"closed","sticky":false,"template":"","format":"standard","meta":{"_links_to":"","_links_to_target":""},"categories":[3,1,10],"tags":[],"views":1223,"_links":{"self":[{"href":"https:\/\/www.brazilianpress.com\/v1\/wp-json\/wp\/v2\/posts\/50741"}],"collection":[{"href":"https:\/\/www.brazilianpress.com\/v1\/wp-json\/wp\/v2\/posts"}],"about":[{"href":"https:\/\/www.brazilianpress.com\/v1\/wp-json\/wp\/v2\/types\/post"}],"author":[{"embeddable":true,"href":"https:\/\/www.brazilianpress.com\/v1\/wp-json\/wp\/v2\/users\/1"}],"replies":[{"embeddable":true,"href":"https:\/\/www.brazilianpress.com\/v1\/wp-json\/wp\/v2\/comments?post=50741"}],"version-history":[{"count":1,"href":"https:\/\/www.brazilianpress.com\/v1\/wp-json\/wp\/v2\/posts\/50741\/revisions"}],"predecessor-version":[{"id":50743,"href":"https:\/\/www.brazilianpress.com\/v1\/wp-json\/wp\/v2\/posts\/50741\/revisions\/50743"}],"wp:featuredmedia":[{"embeddable":true,"href":"https:\/\/www.brazilianpress.com\/v1\/wp-json\/wp\/v2\/media\/50742"}],"wp:attachment":[{"href":"https:\/\/www.brazilianpress.com\/v1\/wp-json\/wp\/v2\/media?parent=50741"}],"wp:term":[{"taxonomy":"category","embeddable":true,"href":"https:\/\/www.brazilianpress.com\/v1\/wp-json\/wp\/v2\/categories?post=50741"},{"taxonomy":"post_tag","embeddable":true,"href":"https:\/\/www.brazilianpress.com\/v1\/wp-json\/wp\/v2\/tags?post=50741"}],"curies":[{"name":"wp","href":"https:\/\/api.w.org\/{rel}","templated":true}]}}