{"id":50754,"date":"2022-01-18T10:22:53","date_gmt":"2022-01-18T14:22:53","guid":{"rendered":"https:\/\/www.brazilianpress.com\/v1\/?p=50754"},"modified":"2022-01-18T10:23:28","modified_gmt":"2022-01-18T14:23:28","slug":"iniciado-julgamento-do-homem-acusado-de-matar-advogado-de-imigracao-em-milwaukee","status":"publish","type":"post","link":"https:\/\/www.brazilianpress.com\/v1\/2022\/01\/18\/iniciado-julgamento-do-homem-acusado-de-matar-advogado-de-imigracao-em-milwaukee\/","title":{"rendered":"Iniciado julgamento do homem acusado de matar advogado de imigra\u00e7\u00e3o em Milwaukee"},"content":{"rendered":"<p><strong>O julgamento come\u00e7a na ter\u00e7a-feira para o homem acusado de atirar e matar um advogado de imigra\u00e7\u00e3o de Milwaukee no ano passado. Theodore Edgecomb, de 31 anos, enfrenta uma acusa\u00e7\u00e3o de homic\u00eddio intencional de primeiro grau pela morte a tiros de Jason Cleereman, de 54 anos, em setembro de 2020.<\/strong><\/p>\n<p>Os investigadores acreditam que isso aconteceu ap\u00f3s algum tipo de discuss\u00e3o na estrada entre Edgecomb e Cleereman, que terminou em Edgecomb atirando em Cleereman. Os promotores indicam que planejam mostrar o v\u00eddeo de vigil\u00e2ncia de Edgecomb socando Cleereman durante este encontro.<\/p>\n<p><img src=\"https:\/\/ewscripps.brightspotcdn.com\/dims4\/default\/66f8f76\/2147483647\/strip\/true\/crop\/1280x720+0+0\/resize\/1280x720!\/quality\/90\/?url=http%3A%2F%2Fewscripps-brightspot.s3.amazonaws.com%2F26%2F7c%2F5f2593664e92a75b0bdfde41d3cc%2Fposter-image-2022-01-10t221947.540.jpg\" alt=\"EDGECOMB\" \/><\/p>\n<p>Edgecomb deve alegar leg\u00edtima defesa no julgamento. A defesa de Edgecomb argumenta que Cleereman era um agressor. A defesa tamb\u00e9m est\u00e1 contando com v\u00eddeo de vigil\u00e2ncia, que eles dizem que mostra Cleereman seguindo Edgecomb em seu carro antes de Cleereman sair do carro e se aproximar de Edgecomb. A sele\u00e7\u00e3o do j\u00fari come\u00e7a na ter\u00e7a-feira no Tribunal do Condado de Milwaukee.<\/p>\n<p><img src=\"https:\/\/ewscripps.brightspotcdn.com\/dims4\/default\/cc184df\/2147483647\/strip\/true\/crop\/1280x720+0+0\/resize\/1280x720!\/quality\/90\/?url=http%3A%2F%2Fewscripps-brightspot.s3.amazonaws.com%2F59%2Fb9%2F230d30ac4e76a3daf2dd590393e8%2Fposter-image-2022-01-10t221926.513.jpg\" alt=\"EDGECOMB\" \/><\/p>\n","protected":false},"excerpt":{"rendered":"<p>O julgamento come\u00e7a na ter\u00e7a-feira para o homem acusado de atirar e matar um advogado de imigra\u00e7\u00e3o de Milwaukee no ano passado. Theodore Edgecomb, de 31 anos, enfrenta uma acusa\u00e7\u00e3o de homic\u00eddio intencional de primeiro grau pela morte a tiros de Jason Cleereman, de 54 anos, em setembro de 2020. Os investigadores acreditam que isso aconteceu ap\u00f3s algum tipo de discuss\u00e3o na estrada entre Edgecomb e Cleereman, que terminou em Edgecomb atirando em Cleereman. Os promotores indicam que planejam mostrar o v\u00eddeo de vigil\u00e2ncia de Edgecomb socando Cleereman durante este encontro. Edgecomb deve alegar leg\u00edtima defesa no julgamento. A defesa [&hellip;]<\/p>\n","protected":false},"author":1,"featured_media":50755,"comment_status":"open","ping_status":"closed","sticky":false,"template":"","format":"standard","meta":{"_links_to":"","_links_to_target":""},"categories":[4,3,1],"tags":[],"views":847,"_links":{"self":[{"href":"https:\/\/www.brazilianpress.com\/v1\/wp-json\/wp\/v2\/posts\/50754"}],"collection":[{"href":"https:\/\/www.brazilianpress.com\/v1\/wp-json\/wp\/v2\/posts"}],"about":[{"href":"https:\/\/www.brazilianpress.com\/v1\/wp-json\/wp\/v2\/types\/post"}],"author":[{"embeddable":true,"href":"https:\/\/www.brazilianpress.com\/v1\/wp-json\/wp\/v2\/users\/1"}],"replies":[{"embeddable":true,"href":"https:\/\/www.brazilianpress.com\/v1\/wp-json\/wp\/v2\/comments?post=50754"}],"version-history":[{"count":3,"href":"https:\/\/www.brazilianpress.com\/v1\/wp-json\/wp\/v2\/posts\/50754\/revisions"}],"predecessor-version":[{"id":50758,"href":"https:\/\/www.brazilianpress.com\/v1\/wp-json\/wp\/v2\/posts\/50754\/revisions\/50758"}],"wp:featuredmedia":[{"embeddable":true,"href":"https:\/\/www.brazilianpress.com\/v1\/wp-json\/wp\/v2\/media\/50755"}],"wp:attachment":[{"href":"https:\/\/www.brazilianpress.com\/v1\/wp-json\/wp\/v2\/media?parent=50754"}],"wp:term":[{"taxonomy":"category","embeddable":true,"href":"https:\/\/www.brazilianpress.com\/v1\/wp-json\/wp\/v2\/categories?post=50754"},{"taxonomy":"post_tag","embeddable":true,"href":"https:\/\/www.brazilianpress.com\/v1\/wp-json\/wp\/v2\/tags?post=50754"}],"curies":[{"name":"wp","href":"https:\/\/api.w.org\/{rel}","templated":true}]}}