{"id":50763,"date":"2022-01-19T10:44:24","date_gmt":"2022-01-19T14:44:24","guid":{"rendered":"https:\/\/www.brazilianpress.com\/v1\/?p=50763"},"modified":"2022-01-19T10:44:24","modified_gmt":"2022-01-19T14:44:24","slug":"eua-vao-distribuir-400-milhoes-de-mascaras-n95-de-graca-para-enfrentamento-da-covid-19","status":"publish","type":"post","link":"https:\/\/www.brazilianpress.com\/v1\/2022\/01\/19\/eua-vao-distribuir-400-milhoes-de-mascaras-n95-de-graca-para-enfrentamento-da-covid-19\/","title":{"rendered":"EUA v\u00e3o distribuir 400 milh\u00f5es de m\u00e1scaras N95 de gra\u00e7a para enfrentamento da Covid-19"},"content":{"rendered":"<p><strong>O governo dos Estados Unidos anunciou que vai distribuir 400 milh\u00f5es de m\u00e1scaras N95 para a popula\u00e7\u00e3o gratuitamente, num movimento que marca o mais recente esfor\u00e7o do governo do presidente norte-americano, Joe Biden, para ajudar a conter a pandemia de Covid-19.<\/strong><\/p>\n<p>Os equipamentos de prote\u00e7\u00e3o ser\u00e3o retirados do estoque estrat\u00e9gico nacional do pa\u00eds partir da pr\u00f3xima semana. As m\u00e1scaras faciais ser\u00e3o enviadas a farm\u00e1cias e centros de sa\u00fade comunit\u00e1rios nesta semana, disse a Casa Branca. A medida ocorre ap\u00f3s Biden e sua equipe enfrentarem cr\u00edticas por n\u00e3o estarem fazendo o suficiente para promover o uso de m\u00e1scaras ou refor\u00e7ar a testagem enquanto a variante \u00f4micron do coronav\u00edrus \u2013 mais transmiss\u00edvel \u2013 assola o pa\u00eds.<\/p>\n<p><img src=\"https:\/\/s2.glbimg.com\/NVMyTpAJiQ19F3gz2dLUo7OrP7s=\/0x0:4966x3311\/1008x0\/smart\/filters:strip_icc()\/i.s3.glbimg.com\/v1\/AUTH_59edd422c0c84a879bd37670ae4f538a\/internal_photos\/bs\/2022\/V\/y\/7ntbbGT1eRYD1oEYaYoA\/2022-01-15t002324z-568908988-rc23zr9iqn7f-rtrmadp-3-health-coronavirus-usa-n95.jpg\" alt=\"Trabalhadors empacotam m\u00e1scras N95 em Paterson, Nova Jersey, nos EUA \u2014 Foto: BRENDAN MCDERMID \/ Reuters\" \/><\/p>\n<p>Em resposta \u00e0s cr\u00edticas e \u00e0 onda de casos, o governo norte-americano tem disponibilizado testes gratuitos por meio de um site lan\u00e7ado oficialmente nesta quarta-feira, al\u00e9m do seu an\u00fancio sobre a distribui\u00e7\u00e3o de m\u00e1scaras da reserva estrat\u00e9gica. &#8220;Essa \u00e9 a maior distribui\u00e7\u00e3o de equipamentos de prote\u00e7\u00e3o individual na hist\u00f3ria dos EUA&#8221;, disse um porta-voz do governo americano. M\u00e1scaras do tipo N95 \u2013 equivalente a m\u00e1scara PFF2 \u2013, que formam uma veda\u00e7\u00e3o ao redor do nariz e da boca, s\u00e3o consideradas particularmente eficazes na preven\u00e7\u00e3o da propaga\u00e7\u00e3o do coronav\u00edrus.<\/p>\n<p>&#8220;Para garantir que o acesso a essas m\u00e1scaras seja f\u00e1cil e conveniente, o governo est\u00e1 aproveitando o programa federal de farm\u00e1cias de varejo e o programa federal de centros de sa\u00fade comunit\u00e1rios, para que as m\u00e1scaras gratuitas estejam dispon\u00edveis em muitos dos mesmos locais convenientes e confi\u00e1veis que os norte-americanos v\u00e3o para tomarem a vacina e a dose de refor\u00e7o&#8221;, acrescentou. Na semana passada, o Centro de Controle e Preven\u00e7\u00e3o de Doen\u00e7as (CDC) dos EUA recomendou que os norte-americanos usem a &#8220;m\u00e1scara mais protetora&#8221; que puderem. Fabricantes dos EUA disseram \u00e0 Reuters que possuem o maquin\u00e1rio necess\u00e1rio para fabricar milh\u00f5es de m\u00e1scaras N95 a cada m\u00eas.<\/p>\n","protected":false},"excerpt":{"rendered":"<p>O governo dos Estados Unidos anunciou que vai distribuir 400 milh\u00f5es de m\u00e1scaras N95 para a popula\u00e7\u00e3o gratuitamente, num movimento que marca o mais recente esfor\u00e7o do governo do presidente norte-americano, Joe Biden, para ajudar a conter a pandemia de Covid-19. Os equipamentos de prote\u00e7\u00e3o ser\u00e3o retirados do estoque estrat\u00e9gico nacional do pa\u00eds partir da pr\u00f3xima semana. As m\u00e1scaras faciais ser\u00e3o enviadas a farm\u00e1cias e centros de sa\u00fade comunit\u00e1rios nesta semana, disse a Casa Branca. A medida ocorre ap\u00f3s Biden e sua equipe enfrentarem cr\u00edticas por n\u00e3o estarem fazendo o suficiente para promover o uso de m\u00e1scaras ou refor\u00e7ar a [&hellip;]<\/p>\n","protected":false},"author":1,"featured_media":50764,"comment_status":"open","ping_status":"closed","sticky":false,"template":"","format":"standard","meta":{"_links_to":"","_links_to_target":""},"categories":[3,1,10],"tags":[],"views":1078,"_links":{"self":[{"href":"https:\/\/www.brazilianpress.com\/v1\/wp-json\/wp\/v2\/posts\/50763"}],"collection":[{"href":"https:\/\/www.brazilianpress.com\/v1\/wp-json\/wp\/v2\/posts"}],"about":[{"href":"https:\/\/www.brazilianpress.com\/v1\/wp-json\/wp\/v2\/types\/post"}],"author":[{"embeddable":true,"href":"https:\/\/www.brazilianpress.com\/v1\/wp-json\/wp\/v2\/users\/1"}],"replies":[{"embeddable":true,"href":"https:\/\/www.brazilianpress.com\/v1\/wp-json\/wp\/v2\/comments?post=50763"}],"version-history":[{"count":2,"href":"https:\/\/www.brazilianpress.com\/v1\/wp-json\/wp\/v2\/posts\/50763\/revisions"}],"predecessor-version":[{"id":50766,"href":"https:\/\/www.brazilianpress.com\/v1\/wp-json\/wp\/v2\/posts\/50763\/revisions\/50766"}],"wp:featuredmedia":[{"embeddable":true,"href":"https:\/\/www.brazilianpress.com\/v1\/wp-json\/wp\/v2\/media\/50764"}],"wp:attachment":[{"href":"https:\/\/www.brazilianpress.com\/v1\/wp-json\/wp\/v2\/media?parent=50763"}],"wp:term":[{"taxonomy":"category","embeddable":true,"href":"https:\/\/www.brazilianpress.com\/v1\/wp-json\/wp\/v2\/categories?post=50763"},{"taxonomy":"post_tag","embeddable":true,"href":"https:\/\/www.brazilianpress.com\/v1\/wp-json\/wp\/v2\/tags?post=50763"}],"curies":[{"name":"wp","href":"https:\/\/api.w.org\/{rel}","templated":true}]}}