{"id":50767,"date":"2022-01-20T12:39:21","date_gmt":"2022-01-20T16:39:21","guid":{"rendered":"https:\/\/www.brazilianpress.com\/v1\/?p=50767"},"modified":"2022-01-20T12:39:21","modified_gmt":"2022-01-20T16:39:21","slug":"modelo-e-influenciador-brasileiro-desabafa-sobre-tratamento-em-imigracao-nos-eua-canseira","status":"publish","type":"post","link":"https:\/\/www.brazilianpress.com\/v1\/2022\/01\/20\/modelo-e-influenciador-brasileiro-desabafa-sobre-tratamento-em-imigracao-nos-eua-canseira\/","title":{"rendered":"Modelo e influenciador brasileiro desabafa sobre tratamento em imigra\u00e7\u00e3o nos EUA: &#8220;Canseira&#8221;"},"content":{"rendered":"<p><strong>Nesta quinta-feira (20), o modelo e influenciador brasileiro Mateus Verdelho revelou que passou por momentos de tens\u00e3o ao entrar nos Estados Unidos. Ele afirmou que as autoridades encrencaram com a validade de seu visto e n\u00e3o queriam deix\u00e1-lo entrar no pa\u00eds.<\/strong><\/p>\n<p>&#8220;Eu vim sozinho. Muita gente falou que n\u00e3o iam me deixar entrar, nada a ver. Se o visto vence no dia tal, voc\u00ea pode entrar no dia tal. N\u00e3o tem nada a ver de 6 meses. Cheguei aqui, me deram uma canseira, perdi a conex\u00e3o&#8221;, contou Mateus. &#8220;Revistaram tudo, olharam as malas. Contaram meu dinheiro, ficaram olhando meu celular, olharam conversa. Eu tinha argumento para tudo. Mas tomei uma canseira, meu amigo&#8221;, desabafou.<\/p>\n","protected":false},"excerpt":{"rendered":"<p>Nesta quinta-feira (20), o modelo e influenciador brasileiro Mateus Verdelho revelou que passou por momentos de tens\u00e3o ao entrar nos Estados Unidos. Ele afirmou que as autoridades encrencaram com a validade de seu visto e n\u00e3o queriam deix\u00e1-lo entrar no pa\u00eds. &#8220;Eu vim sozinho. Muita gente falou que n\u00e3o iam me deixar entrar, nada a ver. Se o visto vence no dia tal, voc\u00ea pode entrar no dia tal. N\u00e3o tem nada a ver de 6 meses. Cheguei aqui, me deram uma canseira, perdi a conex\u00e3o&#8221;, contou Mateus. &#8220;Revistaram tudo, olharam as malas. Contaram meu dinheiro, ficaram olhando meu celular, [&hellip;]<\/p>\n","protected":false},"author":1,"featured_media":50768,"comment_status":"open","ping_status":"closed","sticky":false,"template":"","format":"standard","meta":{"_links_to":"","_links_to_target":""},"categories":[4,3,1],"tags":[],"views":5780,"_links":{"self":[{"href":"https:\/\/www.brazilianpress.com\/v1\/wp-json\/wp\/v2\/posts\/50767"}],"collection":[{"href":"https:\/\/www.brazilianpress.com\/v1\/wp-json\/wp\/v2\/posts"}],"about":[{"href":"https:\/\/www.brazilianpress.com\/v1\/wp-json\/wp\/v2\/types\/post"}],"author":[{"embeddable":true,"href":"https:\/\/www.brazilianpress.com\/v1\/wp-json\/wp\/v2\/users\/1"}],"replies":[{"embeddable":true,"href":"https:\/\/www.brazilianpress.com\/v1\/wp-json\/wp\/v2\/comments?post=50767"}],"version-history":[{"count":1,"href":"https:\/\/www.brazilianpress.com\/v1\/wp-json\/wp\/v2\/posts\/50767\/revisions"}],"predecessor-version":[{"id":50769,"href":"https:\/\/www.brazilianpress.com\/v1\/wp-json\/wp\/v2\/posts\/50767\/revisions\/50769"}],"wp:featuredmedia":[{"embeddable":true,"href":"https:\/\/www.brazilianpress.com\/v1\/wp-json\/wp\/v2\/media\/50768"}],"wp:attachment":[{"href":"https:\/\/www.brazilianpress.com\/v1\/wp-json\/wp\/v2\/media?parent=50767"}],"wp:term":[{"taxonomy":"category","embeddable":true,"href":"https:\/\/www.brazilianpress.com\/v1\/wp-json\/wp\/v2\/categories?post=50767"},{"taxonomy":"post_tag","embeddable":true,"href":"https:\/\/www.brazilianpress.com\/v1\/wp-json\/wp\/v2\/tags?post=50767"}],"curies":[{"name":"wp","href":"https:\/\/api.w.org\/{rel}","templated":true}]}}