{"id":50805,"date":"2022-01-21T14:06:27","date_gmt":"2022-01-21T18:06:27","guid":{"rendered":"https:\/\/www.brazilianpress.com\/v1\/?p=50805"},"modified":"2022-01-21T14:06:27","modified_gmt":"2022-01-21T18:06:27","slug":"crianca-de-6-anos-morre-em-portugal-por-possivel-reacao-a-vacina","status":"publish","type":"post","link":"https:\/\/www.brazilianpress.com\/v1\/2022\/01\/21\/crianca-de-6-anos-morre-em-portugal-por-possivel-reacao-a-vacina\/","title":{"rendered":"Crian\u00e7a de 6 anos morre em Portugal por poss\u00edvel rea\u00e7\u00e3o \u00e0 vacina"},"content":{"rendered":"<p><strong>A Autoridade Nacional do Medicamento e Produtos de Sa\u00fade de Portugal (Infarmed) informou na segunda-feira 17 que iniciou uma investiga\u00e7\u00e3o para esclarecer se um menino de 6 anos de idade morreu em virtude de uma rea\u00e7\u00e3o \u00e0 vacina contra Covid. Embora j\u00e1 tivesse completado o esquema vacinal, o jovem contraiu o v\u00edrus.<\/strong><\/p>\n<p>De acordo com o Hospital de Santa Maria, em Lisboa, a crian\u00e7a deu entrada no local apresentando um quadro de parada cardiorrespirat\u00f3ria. No entanto, apenas depois da aut\u00f3psia ser\u00e1 poss\u00edvel verificar se a morte do menino pode estar associada \u00e0 infec\u00e7\u00e3o, \u00e0 vacina ou a outros motivos.<\/p>\n<p>A Infarmed confirmou que recebeu uma notifica\u00e7\u00e3o de suspeita de rea\u00e7\u00e3o adversa no caso da morte da crian\u00e7a. \u201cIsso ser\u00e1 tratado pela Infarmed em conjunto com a Unidade Regional de Farmacovigil\u00e2ncia de Lisboa, Set\u00fabal e Santar\u00e9m\u201d, disse, em comunicado, a ag\u00eancia de not\u00edcias\u00a0Lusa.<\/p>\n<p>Segundo o \u00f3rg\u00e3o regulador, est\u00e3o sendo recolhidos \u201cdados adicionais por parte do notificador para an\u00e1lise e avalia\u00e7\u00e3o da imputa\u00e7\u00e3o de causalidade, uma vez que, n\u00e3o sendo a aparente rela\u00e7\u00e3o temporal o \u00fanico determinante na avalia\u00e7\u00e3o da causalidade, \u00e9 necess\u00e1rio proceder \u00e0 recolha de toda informa\u00e7\u00e3o cl\u00ednica\u201d.<\/p>\n<p>O menino tomou a primeira dose da vacina em 8 de janeiro. Durante a semana, na escola, acabou infectado. No dia 16, depois de ter testado positivo para covid-19, deu entrada no Hospital de Santa Maria e morreu no mesmo dia.<\/p>\n","protected":false},"excerpt":{"rendered":"<p>A Autoridade Nacional do Medicamento e Produtos de Sa\u00fade de Portugal (Infarmed) informou na segunda-feira 17 que iniciou uma investiga\u00e7\u00e3o para esclarecer se um menino de 6 anos de idade morreu em virtude de uma rea\u00e7\u00e3o \u00e0 vacina contra Covid. Embora j\u00e1 tivesse completado o esquema vacinal, o jovem contraiu o v\u00edrus. De acordo com o Hospital de Santa Maria, em Lisboa, a crian\u00e7a deu entrada no local apresentando um quadro de parada cardiorrespirat\u00f3ria. No entanto, apenas depois da aut\u00f3psia ser\u00e1 poss\u00edvel verificar se a morte do menino pode estar associada \u00e0 infec\u00e7\u00e3o, \u00e0 vacina ou a outros motivos. A [&hellip;]<\/p>\n","protected":false},"author":1,"featured_media":50806,"comment_status":"open","ping_status":"closed","sticky":false,"template":"","format":"standard","meta":{"_links_to":"","_links_to_target":""},"categories":[3,8,1],"tags":[],"views":1073,"_links":{"self":[{"href":"https:\/\/www.brazilianpress.com\/v1\/wp-json\/wp\/v2\/posts\/50805"}],"collection":[{"href":"https:\/\/www.brazilianpress.com\/v1\/wp-json\/wp\/v2\/posts"}],"about":[{"href":"https:\/\/www.brazilianpress.com\/v1\/wp-json\/wp\/v2\/types\/post"}],"author":[{"embeddable":true,"href":"https:\/\/www.brazilianpress.com\/v1\/wp-json\/wp\/v2\/users\/1"}],"replies":[{"embeddable":true,"href":"https:\/\/www.brazilianpress.com\/v1\/wp-json\/wp\/v2\/comments?post=50805"}],"version-history":[{"count":1,"href":"https:\/\/www.brazilianpress.com\/v1\/wp-json\/wp\/v2\/posts\/50805\/revisions"}],"predecessor-version":[{"id":50807,"href":"https:\/\/www.brazilianpress.com\/v1\/wp-json\/wp\/v2\/posts\/50805\/revisions\/50807"}],"wp:featuredmedia":[{"embeddable":true,"href":"https:\/\/www.brazilianpress.com\/v1\/wp-json\/wp\/v2\/media\/50806"}],"wp:attachment":[{"href":"https:\/\/www.brazilianpress.com\/v1\/wp-json\/wp\/v2\/media?parent=50805"}],"wp:term":[{"taxonomy":"category","embeddable":true,"href":"https:\/\/www.brazilianpress.com\/v1\/wp-json\/wp\/v2\/categories?post=50805"},{"taxonomy":"post_tag","embeddable":true,"href":"https:\/\/www.brazilianpress.com\/v1\/wp-json\/wp\/v2\/tags?post=50805"}],"curies":[{"name":"wp","href":"https:\/\/api.w.org\/{rel}","templated":true}]}}