{"id":50817,"date":"2022-01-22T14:26:00","date_gmt":"2022-01-22T18:26:00","guid":{"rendered":"https:\/\/www.brazilianpress.com\/v1\/?p=50817"},"modified":"2022-01-22T14:26:00","modified_gmt":"2022-01-22T18:26:00","slug":"america-mg-anuncia-contratacoes-do-atacante-henrique-almeida-e-do-lateral-direito-raul-caceres","status":"publish","type":"post","link":"https:\/\/www.brazilianpress.com\/v1\/2022\/01\/22\/america-mg-anuncia-contratacoes-do-atacante-henrique-almeida-e-do-lateral-direito-raul-caceres\/","title":{"rendered":"Am\u00e9rica-MG anuncia contrata\u00e7\u00f5es do atacante Henrique Almeida e do lateral direito Raul C\u00e1ceres"},"content":{"rendered":"<p><strong>O\u00a0Am\u00e9rica-MG\u00a0confirmou duas contrata\u00e7\u00f5es nesta quarta-feira. O clube anunciou as chegadas do lateral direito Raul C\u00e1ceres e do atacante Henrique Almeida. C\u00e1ceres, que estava no Cruzeiro, e Henrique, ex-Chapecoense, assinaram at\u00e9 o fim da temporada 2022.<\/strong><\/p>\n<p>A dupla ir\u00e1 refor\u00e7ar o elenco do t\u00e9cnico Marquinhos Santos, que se prepara para o in\u00edcio do Campeonato Mineiro na semana que vem. Al\u00e9m disso, h\u00e1 os dois jogos da segunda fase da Copa Libertadores contra o Guaran\u00ed, do Paraguai.<\/p>\n<p>C\u00e1ceres deixou o Cruzeiro ap\u00f3s n\u00e3o chegar a um acordo de rescis\u00e3o contratual. Ele vinha oscilando entre a reserva e a titularidade na era Vanderlei Luxemburgo na \u00faltima S\u00e9rie B. Aos 30 anos, ele tamb\u00e9m tinha atuado no Vasco entre os clubes brasileiros.<\/p>\n<p>Henrique Almeida, de 30 anos, foi revelado nas categorias de base do S\u00e3o Paulo e viveu os principais momentos da carreira profissional com a camisa do Coritiba, nas passagens de 2015 e 2017. Chegou a atuar pela Turquia, pela Espanha e por Portugal, mas sem sucesso.<\/p>\n<p>Os \u00faltimos anos foram complicados para o atacante. Chegou a ficar um ano e oito meses sem entrar em campo, entre fevereiro de 2020 e outubro do ano passado. Em 2021, ele assinou contrato de produtividade com a Chapecoense, realizando dez jogos at\u00e9 o final do Brasileiro. O \u00faltimo gol marcado por ele foi em novembro de 2019.<\/p>\n<p>O torcedor do Coelho ficou na expectativa de a negocia\u00e7\u00e3o com o goleiro F\u00e1bio avan\u00e7ar. Entretanto, o tamb\u00e9m\u00a0ex-atleta do Cruzeiro acabou acertando transfer\u00eancia no Fluminense. O Alviverde segue em busca de um goleiro, ap\u00f3s Matheus Cavichioli passar por cirurgia no cora\u00e7\u00e3o.<\/p>\n","protected":false},"excerpt":{"rendered":"<p>O\u00a0Am\u00e9rica-MG\u00a0confirmou duas contrata\u00e7\u00f5es nesta quarta-feira. O clube anunciou as chegadas do lateral direito Raul C\u00e1ceres e do atacante Henrique Almeida. C\u00e1ceres, que estava no Cruzeiro, e Henrique, ex-Chapecoense, assinaram at\u00e9 o fim da temporada 2022. A dupla ir\u00e1 refor\u00e7ar o elenco do t\u00e9cnico Marquinhos Santos, que se prepara para o in\u00edcio do Campeonato Mineiro na semana que vem. Al\u00e9m disso, h\u00e1 os dois jogos da segunda fase da Copa Libertadores contra o Guaran\u00ed, do Paraguai. C\u00e1ceres deixou o Cruzeiro ap\u00f3s n\u00e3o chegar a um acordo de rescis\u00e3o contratual. Ele vinha oscilando entre a reserva e a titularidade na era Vanderlei [&hellip;]<\/p>\n","protected":false},"author":1,"featured_media":50818,"comment_status":"open","ping_status":"closed","sticky":false,"template":"","format":"standard","meta":{"_links_to":"","_links_to_target":""},"categories":[9,1],"tags":[],"views":988,"_links":{"self":[{"href":"https:\/\/www.brazilianpress.com\/v1\/wp-json\/wp\/v2\/posts\/50817"}],"collection":[{"href":"https:\/\/www.brazilianpress.com\/v1\/wp-json\/wp\/v2\/posts"}],"about":[{"href":"https:\/\/www.brazilianpress.com\/v1\/wp-json\/wp\/v2\/types\/post"}],"author":[{"embeddable":true,"href":"https:\/\/www.brazilianpress.com\/v1\/wp-json\/wp\/v2\/users\/1"}],"replies":[{"embeddable":true,"href":"https:\/\/www.brazilianpress.com\/v1\/wp-json\/wp\/v2\/comments?post=50817"}],"version-history":[{"count":1,"href":"https:\/\/www.brazilianpress.com\/v1\/wp-json\/wp\/v2\/posts\/50817\/revisions"}],"predecessor-version":[{"id":50819,"href":"https:\/\/www.brazilianpress.com\/v1\/wp-json\/wp\/v2\/posts\/50817\/revisions\/50819"}],"wp:featuredmedia":[{"embeddable":true,"href":"https:\/\/www.brazilianpress.com\/v1\/wp-json\/wp\/v2\/media\/50818"}],"wp:attachment":[{"href":"https:\/\/www.brazilianpress.com\/v1\/wp-json\/wp\/v2\/media?parent=50817"}],"wp:term":[{"taxonomy":"category","embeddable":true,"href":"https:\/\/www.brazilianpress.com\/v1\/wp-json\/wp\/v2\/categories?post=50817"},{"taxonomy":"post_tag","embeddable":true,"href":"https:\/\/www.brazilianpress.com\/v1\/wp-json\/wp\/v2\/tags?post=50817"}],"curies":[{"name":"wp","href":"https:\/\/api.w.org\/{rel}","templated":true}]}}