{"id":50823,"date":"2022-01-22T14:31:59","date_gmt":"2022-01-22T18:31:59","guid":{"rendered":"https:\/\/www.brazilianpress.com\/v1\/?p=50823"},"modified":"2022-01-22T14:31:59","modified_gmt":"2022-01-22T18:31:59","slug":"bento-16-papa-emerito-e-acusado-de-encobrir-casos-de-pedofilia","status":"publish","type":"post","link":"https:\/\/www.brazilianpress.com\/v1\/2022\/01\/22\/bento-16-papa-emerito-e-acusado-de-encobrir-casos-de-pedofilia\/","title":{"rendered":"Bento 16, Papa Em\u00e9rito, \u00e9 acusado de encobrir casos de pedofilia"},"content":{"rendered":"<p><strong>O Papa Em\u00e9rito Bento 16 foi severamente criticado em um relat\u00f3rio independente apresentado na quinta-feira (20) na Alemanha sobre abusos sexuais contra menores nas arquidioceses de Munique e de Freising, que ele liderou de 1977 a 1982.<\/strong><\/p>\n<p>O ent\u00e3o cardeal Joseph Ratzinger, antes de se tornar papa, n\u00e3o fez nada para afastar quatro cl\u00e9rigos suspeitos de abusos sexuais contra menores de idade, disseram os advogados do relat\u00f3rio encomendado pela Igreja em uma entrevista coletiva. Em comunicado enviado aos advogados, o papa em\u00e9rito rejeitou &#8220;estritamente&#8221; qualquer responsabilidade, posi\u00e7\u00e3o que os autores do relat\u00f3rio n\u00e3o consideram &#8220;cred\u00edvel&#8221;, segundo declarou o advogado Martin Pusch.<\/p>\n<p>Em dois casos, os envolvidos eram membros do clero que cometeram v\u00e1rias agress\u00f5es comprovadas, inclusive pelos tribunais, ressaltou. Os dois padres permaneceram dentro da Igreja e nada foi feito, acusou. Os especialistas disseram estar convencidos de que Ratzinger estava ciente do passado ped\u00f3filo do padre Peter Hullermann, que chegou em 1980 da Ren\u00e2nia do Norte-Vestf\u00e1lia, na Baviera, onde continuou a praticar abusos por d\u00e9cadas sem ser incomodado.<\/p>\n<p>Em 1986, um tribunal o condenou a uma pena de pris\u00e3o com sursis. Mas ele foi ent\u00e3o transferido para outra cidade da Baviera, onde teria reincidido na pedofilia. Foi apenas em 2010 que esse padre foi for\u00e7ado a se aposentar. Joseph Ratzinger negou conhecer o passado do padre, cujo caso ganhou as manchetes dos jornais em 2010, na \u00e9poca do pontificado de Bento 16.<\/p>\n<p>Os autores do relat\u00f3rio tamb\u00e9m apontam para o cardeal Reinhard Marx, o atual arcebispo de Munique e Freising, por ser negligente em dois casos de padres suspeitos de abusos sexuais contra crian\u00e7as. No geral, o relat\u00f3rio denuncia o acobertamento sistem\u00e1tico de casos de viol\u00eancia contra menores entre 1945 e 2019 com o objetivo, segundo eles, de &#8220;proteger a institui\u00e7\u00e3o da Igreja&#8221;. &#8220;O reconhecimento das v\u00edtimas continua insuficiente sob muitos pontos de vista, tamb\u00e9m depois de 2010&#8221;, quando foram revelados os primeiros esc\u00e2ndalos de pedofilia na Igreja alem\u00e3, consideram.<\/p>\n","protected":false},"excerpt":{"rendered":"<p>O Papa Em\u00e9rito Bento 16 foi severamente criticado em um relat\u00f3rio independente apresentado na quinta-feira (20) na Alemanha sobre abusos sexuais contra menores nas arquidioceses de Munique e de Freising, que ele liderou de 1977 a 1982. O ent\u00e3o cardeal Joseph Ratzinger, antes de se tornar papa, n\u00e3o fez nada para afastar quatro cl\u00e9rigos suspeitos de abusos sexuais contra menores de idade, disseram os advogados do relat\u00f3rio encomendado pela Igreja em uma entrevista coletiva. Em comunicado enviado aos advogados, o papa em\u00e9rito rejeitou &#8220;estritamente&#8221; qualquer responsabilidade, posi\u00e7\u00e3o que os autores do relat\u00f3rio n\u00e3o consideram &#8220;cred\u00edvel&#8221;, segundo declarou o advogado Martin [&hellip;]<\/p>\n","protected":false},"author":1,"featured_media":50824,"comment_status":"open","ping_status":"closed","sticky":false,"template":"","format":"standard","meta":{"_links_to":"","_links_to_target":""},"categories":[8,1],"tags":[],"views":1116,"_links":{"self":[{"href":"https:\/\/www.brazilianpress.com\/v1\/wp-json\/wp\/v2\/posts\/50823"}],"collection":[{"href":"https:\/\/www.brazilianpress.com\/v1\/wp-json\/wp\/v2\/posts"}],"about":[{"href":"https:\/\/www.brazilianpress.com\/v1\/wp-json\/wp\/v2\/types\/post"}],"author":[{"embeddable":true,"href":"https:\/\/www.brazilianpress.com\/v1\/wp-json\/wp\/v2\/users\/1"}],"replies":[{"embeddable":true,"href":"https:\/\/www.brazilianpress.com\/v1\/wp-json\/wp\/v2\/comments?post=50823"}],"version-history":[{"count":1,"href":"https:\/\/www.brazilianpress.com\/v1\/wp-json\/wp\/v2\/posts\/50823\/revisions"}],"predecessor-version":[{"id":50825,"href":"https:\/\/www.brazilianpress.com\/v1\/wp-json\/wp\/v2\/posts\/50823\/revisions\/50825"}],"wp:featuredmedia":[{"embeddable":true,"href":"https:\/\/www.brazilianpress.com\/v1\/wp-json\/wp\/v2\/media\/50824"}],"wp:attachment":[{"href":"https:\/\/www.brazilianpress.com\/v1\/wp-json\/wp\/v2\/media?parent=50823"}],"wp:term":[{"taxonomy":"category","embeddable":true,"href":"https:\/\/www.brazilianpress.com\/v1\/wp-json\/wp\/v2\/categories?post=50823"},{"taxonomy":"post_tag","embeddable":true,"href":"https:\/\/www.brazilianpress.com\/v1\/wp-json\/wp\/v2\/tags?post=50823"}],"curies":[{"name":"wp","href":"https:\/\/api.w.org\/{rel}","templated":true}]}}