{"id":50826,"date":"2022-01-22T14:38:27","date_gmt":"2022-01-22T18:38:27","guid":{"rendered":"https:\/\/www.brazilianpress.com\/v1\/?p=50826"},"modified":"2022-01-22T14:38:27","modified_gmt":"2022-01-22T18:38:27","slug":"chuvas-em-minas-gerais-mais-de-100-pontos-de-rodovias-de-seguem-interditados","status":"publish","type":"post","link":"https:\/\/www.brazilianpress.com\/v1\/2022\/01\/22\/chuvas-em-minas-gerais-mais-de-100-pontos-de-rodovias-de-seguem-interditados\/","title":{"rendered":"Chuvas em Minas Gerais: Mais de 100 pontos de rodovias de seguem interditados"},"content":{"rendered":"<p><strong>O estado de Minas Gerais continua \u00e0s voltas com os estragos que os temporais da virada do ano causaram a sua malha rodovi\u00e1ria, a maior do pa\u00eds. Embora as chuvas tenham perdido intensidade em parte do territ\u00f3rio mineiro, ainda hoje (20) h\u00e1 103 pontos rodovi\u00e1rios onde o tr\u00e1fego de ve\u00edculos est\u00e1 total ou parcialmente interditado.<\/strong><\/p>\n<p>At\u00e9 as 10h desta quinta-feira, o mapeamento das interdi\u00e7\u00f5es em rodovias federais, estaduais ou municipais que cortam o estado, elaborado pela Pol\u00edcia Militar Rodovi\u00e1ria em conjunto com a Pol\u00edcia Rodovi\u00e1ria Federal (PRF), apontavam a exist\u00eancia de 17 pontos por onde \u00e9 imposs\u00edvel passar devido aos danos estruturais e bloqueios. Outros 86 locais est\u00e3o parcialmente interditados, afetando o tr\u00e1fego.<\/p>\n<p>S\u00f3 na Rodovia Fern\u00e3o Dias (BR-381), que liga Belo Horizonte a Grande S\u00e3o Paulo, formando um dos mais importantes eixos de transporte de cargas e passageiros do pa\u00eds, havia, esta manh\u00e3, ao menos tr\u00eas pontos parcialmente interditados (Km 342, pr\u00f3ximo a Jo\u00e3o Monlevade; Km 469, em Belo Horizonte e Km 527, em Brumadinho). J\u00e1 na altura do Km 321, em Nova Era (MG), o tr\u00e1fego de ve\u00edculos segue totalmente interrompido devido ao afundamento da pista. \u00c9 poss\u00edvel checar as condi\u00e7\u00f5es das estradas em\u00a0Minas Gerais\u00a0e os pontos onde h\u00e1 interrup\u00e7\u00f5es consultando o mapa disponibilizado na p\u00e1gina da Pol\u00edcia Militar, na internet. (ABr)<\/p>\n","protected":false},"excerpt":{"rendered":"<p>O estado de Minas Gerais continua \u00e0s voltas com os estragos que os temporais da virada do ano causaram a sua malha rodovi\u00e1ria, a maior do pa\u00eds. Embora as chuvas tenham perdido intensidade em parte do territ\u00f3rio mineiro, ainda hoje (20) h\u00e1 103 pontos rodovi\u00e1rios onde o tr\u00e1fego de ve\u00edculos est\u00e1 total ou parcialmente interditado. At\u00e9 as 10h desta quinta-feira, o mapeamento das interdi\u00e7\u00f5es em rodovias federais, estaduais ou municipais que cortam o estado, elaborado pela Pol\u00edcia Militar Rodovi\u00e1ria em conjunto com a Pol\u00edcia Rodovi\u00e1ria Federal (PRF), apontavam a exist\u00eancia de 17 pontos por onde \u00e9 imposs\u00edvel passar devido aos [&hellip;]<\/p>\n","protected":false},"author":1,"featured_media":50827,"comment_status":"open","ping_status":"closed","sticky":false,"template":"","format":"standard","meta":{"_links_to":"","_links_to_target":""},"categories":[7,1],"tags":[],"views":1023,"_links":{"self":[{"href":"https:\/\/www.brazilianpress.com\/v1\/wp-json\/wp\/v2\/posts\/50826"}],"collection":[{"href":"https:\/\/www.brazilianpress.com\/v1\/wp-json\/wp\/v2\/posts"}],"about":[{"href":"https:\/\/www.brazilianpress.com\/v1\/wp-json\/wp\/v2\/types\/post"}],"author":[{"embeddable":true,"href":"https:\/\/www.brazilianpress.com\/v1\/wp-json\/wp\/v2\/users\/1"}],"replies":[{"embeddable":true,"href":"https:\/\/www.brazilianpress.com\/v1\/wp-json\/wp\/v2\/comments?post=50826"}],"version-history":[{"count":1,"href":"https:\/\/www.brazilianpress.com\/v1\/wp-json\/wp\/v2\/posts\/50826\/revisions"}],"predecessor-version":[{"id":50828,"href":"https:\/\/www.brazilianpress.com\/v1\/wp-json\/wp\/v2\/posts\/50826\/revisions\/50828"}],"wp:featuredmedia":[{"embeddable":true,"href":"https:\/\/www.brazilianpress.com\/v1\/wp-json\/wp\/v2\/media\/50827"}],"wp:attachment":[{"href":"https:\/\/www.brazilianpress.com\/v1\/wp-json\/wp\/v2\/media?parent=50826"}],"wp:term":[{"taxonomy":"category","embeddable":true,"href":"https:\/\/www.brazilianpress.com\/v1\/wp-json\/wp\/v2\/categories?post=50826"},{"taxonomy":"post_tag","embeddable":true,"href":"https:\/\/www.brazilianpress.com\/v1\/wp-json\/wp\/v2\/tags?post=50826"}],"curies":[{"name":"wp","href":"https:\/\/api.w.org\/{rel}","templated":true}]}}