{"id":50839,"date":"2022-01-25T11:48:51","date_gmt":"2022-01-25T15:48:51","guid":{"rendered":"https:\/\/www.brazilianpress.com\/v1\/?p=50839"},"modified":"2022-01-25T11:48:51","modified_gmt":"2022-01-25T15:48:51","slug":"faleceu-na-virginia-aos-74-anos-o-escritor-olavo-de-carvalho-guru-do-presidente-bolsonaro","status":"publish","type":"post","link":"https:\/\/www.brazilianpress.com\/v1\/2022\/01\/25\/faleceu-na-virginia-aos-74-anos-o-escritor-olavo-de-carvalho-guru-do-presidente-bolsonaro\/","title":{"rendered":"Faleceu na Virg\u00ednia, aos 74 anos, o escritor Olavo de Carvalho, &#8220;guru&#8221; do presidente Bolsonaro"},"content":{"rendered":"<p><strong>O escritor bolsonarista Olavo de Carvalho faleceu, aos 74 anos, na noite de 24 de janeiro. A not\u00edcia da morte foi comunicada pela fam\u00edlia nas redes sociais do autor. Segundo a postagem no Twitter, o guru da fam\u00edlia Bolsonaro estava hospitalizado na regi\u00e3o de Richmond, no estado da Virg\u00ednia (EUA).<\/strong><\/p>\n<p>Olavo de Carvalho foi diagnosticado com Covid-19 em 16 de janeiro. Oficialmente, por\u00e9m, a causa da morte ainda n\u00e3o foi divulgada. Em julho do ano passado, o escritor \u2013 ferrenho cr\u00edtico \u00e0s universidades p\u00fablicas brasileiras \u2013 havia sido internado \u00e0s pressas no Instituto do Cora\u00e7\u00e3o, do Hospital das Cl\u00ednicas da Faculdade de Medicina da USP (InCor), em S\u00e3o Paulo.<\/p>\n<p><img src=\"https:\/\/www.cartacapital.com.br\/wp-content\/uploads\/2021\/04\/Olavo-de-Carvalho-Extrema-Direita.png\" alt=\"Olavo de Carvalho, escritor de extrema-direita. Foto: Reprodu\u00e7\u00e3o \" \/><\/p>\n<p>Naquela ocasi\u00e3o, foi submetido a uma cirurgia renal (um m\u00eas antes, Olavo tinha operado um c\u00e2ncer na bexiga, nos EUA). Depois de receber alta, teve novas complica\u00e7\u00f5es e passou mais de quatro meses internado na cl\u00ednica Saint Marie, na Zona Sul da capital paulista.<\/p>\n<p>No dia 9 de novembro, ainda internado, Olavo recebeu uma intima\u00e7\u00e3o para depor no inqu\u00e9rito sobre a exist\u00eancia de mil\u00edcias digitais. No dia seguinte, ele fugiu da cl\u00ednica e, no dia 13 de novembro, voltou para os Estados Unidos. Olavo de Carvalho, que nasceu em Campinas, interior de SP, em 1947, era cardiopata e portador da Doen\u00e7a de Lyme, infec\u00e7\u00e3o transmitida por carrapatos. Autointitulado professor de filosofia e apoiador do conservadorismo, o escritor deixa a esposa, Roxane, oito filhos e 18 netos. \/\/ Carta Capital.<\/p>\n","protected":false},"excerpt":{"rendered":"<p>O escritor bolsonarista Olavo de Carvalho faleceu, aos 74 anos, na noite de 24 de janeiro. A not\u00edcia da morte foi comunicada pela fam\u00edlia nas redes sociais do autor. Segundo a postagem no Twitter, o guru da fam\u00edlia Bolsonaro estava hospitalizado na regi\u00e3o de Richmond, no estado da Virg\u00ednia (EUA). Olavo de Carvalho foi diagnosticado com Covid-19 em 16 de janeiro. Oficialmente, por\u00e9m, a causa da morte ainda n\u00e3o foi divulgada. Em julho do ano passado, o escritor \u2013 ferrenho cr\u00edtico \u00e0s universidades p\u00fablicas brasileiras \u2013 havia sido internado \u00e0s pressas no Instituto do Cora\u00e7\u00e3o, do Hospital das Cl\u00ednicas da [&hellip;]<\/p>\n","protected":false},"author":1,"featured_media":50252,"comment_status":"open","ping_status":"closed","sticky":false,"template":"","format":"standard","meta":{"_links_to":"","_links_to_target":""},"categories":[4,3,1],"tags":[],"views":1164,"_links":{"self":[{"href":"https:\/\/www.brazilianpress.com\/v1\/wp-json\/wp\/v2\/posts\/50839"}],"collection":[{"href":"https:\/\/www.brazilianpress.com\/v1\/wp-json\/wp\/v2\/posts"}],"about":[{"href":"https:\/\/www.brazilianpress.com\/v1\/wp-json\/wp\/v2\/types\/post"}],"author":[{"embeddable":true,"href":"https:\/\/www.brazilianpress.com\/v1\/wp-json\/wp\/v2\/users\/1"}],"replies":[{"embeddable":true,"href":"https:\/\/www.brazilianpress.com\/v1\/wp-json\/wp\/v2\/comments?post=50839"}],"version-history":[{"count":1,"href":"https:\/\/www.brazilianpress.com\/v1\/wp-json\/wp\/v2\/posts\/50839\/revisions"}],"predecessor-version":[{"id":50840,"href":"https:\/\/www.brazilianpress.com\/v1\/wp-json\/wp\/v2\/posts\/50839\/revisions\/50840"}],"wp:featuredmedia":[{"embeddable":true,"href":"https:\/\/www.brazilianpress.com\/v1\/wp-json\/wp\/v2\/media\/50252"}],"wp:attachment":[{"href":"https:\/\/www.brazilianpress.com\/v1\/wp-json\/wp\/v2\/media?parent=50839"}],"wp:term":[{"taxonomy":"category","embeddable":true,"href":"https:\/\/www.brazilianpress.com\/v1\/wp-json\/wp\/v2\/categories?post=50839"},{"taxonomy":"post_tag","embeddable":true,"href":"https:\/\/www.brazilianpress.com\/v1\/wp-json\/wp\/v2\/tags?post=50839"}],"curies":[{"name":"wp","href":"https:\/\/api.w.org\/{rel}","templated":true}]}}