{"id":50896,"date":"2022-02-03T15:45:12","date_gmt":"2022-02-03T19:45:12","guid":{"rendered":"https:\/\/www.brazilianpress.com\/v1\/?p=50896"},"modified":"2022-02-03T15:45:12","modified_gmt":"2022-02-03T19:45:12","slug":"deputada-democrata-dispara-alerta-sobre-bolsonaro-no-congresso-dos-eua","status":"publish","type":"post","link":"https:\/\/www.brazilianpress.com\/v1\/2022\/02\/03\/deputada-democrata-dispara-alerta-sobre-bolsonaro-no-congresso-dos-eua\/","title":{"rendered":"Deputada democrata dispara alerta sobre Bolsonaro no Congresso dos EUA"},"content":{"rendered":"<p><strong>Nos Estados Unidos, a deputada federal do partido democrata Susan Wild, do estado da Pensilv\u00e2nia, citou o presidente Jair Bolsonaro (PL) como um risco &#8220;para a quarta maior democracia do mundo&#8221;. De acordo com a parlamentar, a amea\u00e7a viria do fato de o presidente ter declarado que seu futuro se resume a tr\u00eas rumos: &#8220;estar preso, estar morto ou a vit\u00f3ria\u201d.<\/strong><\/p>\n<p>A declara\u00e7\u00e3o de Bolsonaro ocorreu em agosto do ano passado, durante o 1\u00b0 Encontro Fraternal de L\u00edderes Evang\u00e9licos de Goi\u00e1s. &#8220;Eu tenho tr\u00eas alternativas para o meu futuro: estar preso, estar morto ou a vit\u00f3ria. Pode ter certeza que a primeira alternativa n\u00e3o existe. Estou fazendo a coisa certa e n\u00e3o devo nada a ningu\u00e9m. Sempre onde o povo esteve, eu estive&#8221;, afirmou.<\/p>\n<p><img src=\"https:\/\/www.mcall.com\/resizer\/npRPI7rc38HaSKjoglF3ELWeYJE=\/1200x0\/top\/cloudfront-us-east-1.images.arcpublishing.com\/tronc\/BCBYH4QTDJSP6REP23Q7XIJQQU.aspx\" alt=\"Northampton County election commission: why Susan Wild&amp;#39;s employee can&amp;#39;t  serve - The Morning Call\" \/><\/p>\n<p>A deputada repetiu a frase dita pelo presidente brasileiro durante sess\u00e3o da Comiss\u00e3o de Rela\u00e7\u00f5es Exteriores do Congresso dos EUA, com a presen\u00e7a do secret\u00e1rio-assistente para as Am\u00e9ricas do Departamento de Estado, Brian Nichols. \u201cBolsonaro, o presidente da quarta maior democracia do mundo, o Brasil, provavelmente vai perder a elei\u00e7\u00e3o presidencial do ano que vem (sic), de acordo com pesquisas p\u00fablicas. Por\u00e9m, o presidente Bolsonaro afirmou: \u2018Eu tenho tr\u00eas alternativas para o meu futuro: estar preso, estar morto ou a vit\u00f3ria\u2019. Ele fez afirma\u00e7\u00f5es sem fundamento de que o sistema de vota\u00e7\u00e3o eletr\u00f4nica do Brasil produz fraude de forma ampla, apesar de ter vencido uma elei\u00e7\u00e3o presidencial em 2018 gra\u00e7as a esse mesmo sistema\u201d, acrescentou.<\/p>\n<p>Em seguida, a parlamentar lembrou que o presidente brasileiro \u00e9 apoiado por militares e que o mesmo j\u00e1 incitaria um novo golpe militar no Brasil. \u201cEle amea\u00e7ou repetidas vezes a separa\u00e7\u00e3o entre os Poderes, reunindo seus apoiadores contra a Suprema Corte [STF] e o Congresso do pa\u00eds, com linguagem muito carregada, sugerindo um golpe militar. E Bolsonaro sugeriu que pode n\u00e3o aceitar os resultados de uma elei\u00e7\u00e3o sob o atual sistema de vota\u00e7\u00e3o\u201d, continuou Wild.<\/p>\n<p><img loading=\"lazy\" class=\"alignnone size-full wp-image-46982\" src=\"https:\/\/www.brazilianpress.com\/v1\/wp-content\/uploads\/2021\/01\/invasao-capitolio-1.jpg\" alt=\"\" width=\"675\" height=\"450\" srcset=\"https:\/\/www.brazilianpress.com\/v1\/wp-content\/uploads\/2021\/01\/invasao-capitolio-1.jpg 675w, https:\/\/www.brazilianpress.com\/v1\/wp-content\/uploads\/2021\/01\/invasao-capitolio-1-300x200.jpg 300w\" sizes=\"(max-width: 675px) 100vw, 675px\" \/><\/p>\n<p>Por fim, ela lembrou da invas\u00e3o ao Capit\u00f3lio ocorrida ao final do mandato de Donald Trump como presidente dos EUA, quando o ent\u00e3o presidente defendeu a invas\u00e3o do parlamento norte-americano. \u201cAcho que n\u00e3o preciso mencionar os paralelos perturbadores com o que aconteceu aqui nos Estados Unidos e continua acontecendo aqui nos Estados Unidos. Qual ser\u00e1 a abordagem da administra\u00e7\u00e3o [Biden] se, como esperado, Bolsonaro perder a elei\u00e7\u00e3o presidencial de 2022 e se recusar a aceitar o resultado?\u201d, questionou a deputada.<\/p>\n","protected":false},"excerpt":{"rendered":"<p>Nos Estados Unidos, a deputada federal do partido democrata Susan Wild, do estado da Pensilv\u00e2nia, citou o presidente Jair Bolsonaro (PL) como um risco &#8220;para a quarta maior democracia do mundo&#8221;. De acordo com a parlamentar, a amea\u00e7a viria do fato de o presidente ter declarado que seu futuro se resume a tr\u00eas rumos: &#8220;estar preso, estar morto ou a vit\u00f3ria\u201d. A declara\u00e7\u00e3o de Bolsonaro ocorreu em agosto do ano passado, durante o 1\u00b0 Encontro Fraternal de L\u00edderes Evang\u00e9licos de Goi\u00e1s. &#8220;Eu tenho tr\u00eas alternativas para o meu futuro: estar preso, estar morto ou a vit\u00f3ria. Pode ter certeza que [&hellip;]<\/p>\n","protected":false},"author":1,"featured_media":50897,"comment_status":"open","ping_status":"closed","sticky":false,"template":"","format":"standard","meta":{"_links_to":"","_links_to_target":""},"categories":[3,1,10],"tags":[],"views":1528,"_links":{"self":[{"href":"https:\/\/www.brazilianpress.com\/v1\/wp-json\/wp\/v2\/posts\/50896"}],"collection":[{"href":"https:\/\/www.brazilianpress.com\/v1\/wp-json\/wp\/v2\/posts"}],"about":[{"href":"https:\/\/www.brazilianpress.com\/v1\/wp-json\/wp\/v2\/types\/post"}],"author":[{"embeddable":true,"href":"https:\/\/www.brazilianpress.com\/v1\/wp-json\/wp\/v2\/users\/1"}],"replies":[{"embeddable":true,"href":"https:\/\/www.brazilianpress.com\/v1\/wp-json\/wp\/v2\/comments?post=50896"}],"version-history":[{"count":1,"href":"https:\/\/www.brazilianpress.com\/v1\/wp-json\/wp\/v2\/posts\/50896\/revisions"}],"predecessor-version":[{"id":50898,"href":"https:\/\/www.brazilianpress.com\/v1\/wp-json\/wp\/v2\/posts\/50896\/revisions\/50898"}],"wp:featuredmedia":[{"embeddable":true,"href":"https:\/\/www.brazilianpress.com\/v1\/wp-json\/wp\/v2\/media\/50897"}],"wp:attachment":[{"href":"https:\/\/www.brazilianpress.com\/v1\/wp-json\/wp\/v2\/media?parent=50896"}],"wp:term":[{"taxonomy":"category","embeddable":true,"href":"https:\/\/www.brazilianpress.com\/v1\/wp-json\/wp\/v2\/categories?post=50896"},{"taxonomy":"post_tag","embeddable":true,"href":"https:\/\/www.brazilianpress.com\/v1\/wp-json\/wp\/v2\/tags?post=50896"}],"curies":[{"name":"wp","href":"https:\/\/api.w.org\/{rel}","templated":true}]}}