{"id":50909,"date":"2022-02-04T10:01:34","date_gmt":"2022-02-04T14:01:34","guid":{"rendered":"https:\/\/www.brazilianpress.com\/v1\/?p=50909"},"modified":"2022-02-04T10:01:34","modified_gmt":"2022-02-04T14:01:34","slug":"social-press-04-02-2022","status":"publish","type":"post","link":"https:\/\/www.brazilianpress.com\/v1\/2022\/02\/04\/social-press-04-02-2022\/","title":{"rendered":"Social Press . 04\/02\/2022"},"content":{"rendered":"<p><strong><em>Daniele de Souza curtiu umas merecidas f\u00e9rias em Cancun, \u00ea vida boa!!<\/em><\/strong><\/p>\n<p><strong><em><img loading=\"lazy\" class=\"alignnone size-full wp-image-50906\" src=\"https:\/\/www.brazilianpress.com\/v1\/wp-content\/uploads\/2022\/02\/foto-2-feliz-aniversario-aos-amigos.jpg\" alt=\"\" width=\"700\" height=\"389\" srcset=\"https:\/\/www.brazilianpress.com\/v1\/wp-content\/uploads\/2022\/02\/foto-2-feliz-aniversario-aos-amigos.jpg 700w, https:\/\/www.brazilianpress.com\/v1\/wp-content\/uploads\/2022\/02\/foto-2-feliz-aniversario-aos-amigos-300x167.jpg 300w\" sizes=\"(max-width: 700px) 100vw, 700px\" \/><br \/>\nFeliz anivers\u00e1rio aos amigos\u00a0 Dionatan e Lucas\u00a0 ficando mais experiente ou mais velhinhos, \u00a0kkkkk.<\/em><\/strong><\/p>\n<p><strong><em><img loading=\"lazy\" class=\"alignnone size-full wp-image-50907\" src=\"https:\/\/www.brazilianpress.com\/v1\/wp-content\/uploads\/2022\/02\/foto-3-a-empresaria-e-couch.jpg\" alt=\"\" width=\"681\" height=\"450\" srcset=\"https:\/\/www.brazilianpress.com\/v1\/wp-content\/uploads\/2022\/02\/foto-3-a-empresaria-e-couch.jpg 681w, https:\/\/www.brazilianpress.com\/v1\/wp-content\/uploads\/2022\/02\/foto-3-a-empresaria-e-couch-300x198.jpg 300w\" sizes=\"(max-width: 681px) 100vw, 681px\" \/><br \/>\nA empres\u00e1ria e Couch Simone Salgado fez um reveillon de sucesso em Philadelfia. Na foto com DJ JULUSI e o marido Carlos.<\/em><\/strong><\/p>\n<p><strong><em><img loading=\"lazy\" class=\"alignnone size-full wp-image-50908\" src=\"https:\/\/www.brazilianpress.com\/v1\/wp-content\/uploads\/2022\/02\/foto-4-o-empresario-JB.jpg\" alt=\"\" width=\"673\" height=\"450\" srcset=\"https:\/\/www.brazilianpress.com\/v1\/wp-content\/uploads\/2022\/02\/foto-4-o-empresario-JB.jpg 673w, https:\/\/www.brazilianpress.com\/v1\/wp-content\/uploads\/2022\/02\/foto-4-o-empresario-JB-300x201.jpg 300w\" sizes=\"(max-width: 673px) 100vw, 673px\" \/><br \/>\nO empres\u00e1rio Jo\u00e3o do JB Auto\u00a0 todo estiloso trabalhando em seu escrit\u00f3rio<\/em><\/strong><\/p>\n<p><strong><em><img loading=\"lazy\" class=\"alignnone size-full wp-image-50904\" src=\"https:\/\/www.brazilianpress.com\/v1\/wp-content\/uploads\/2022\/02\/foto-5-O-camarada.jpg\" alt=\"\" width=\"681\" height=\"450\" srcset=\"https:\/\/www.brazilianpress.com\/v1\/wp-content\/uploads\/2022\/02\/foto-5-O-camarada.jpg 681w, https:\/\/www.brazilianpress.com\/v1\/wp-content\/uploads\/2022\/02\/foto-5-O-camarada-300x198.jpg 300w\" sizes=\"(max-width: 681px) 100vw, 681px\" \/><br \/>\nO camarada Israel Guerra comemorou seu niver com amigos no Casa Nova Adams e lembrou do dia da partida de BH a NJ, Happy birthday.<\/em><\/strong><\/p>\n","protected":false},"excerpt":{"rendered":"<p>Daniele de Souza curtiu umas merecidas f\u00e9rias em Cancun, \u00ea vida boa!! Feliz anivers\u00e1rio aos amigos\u00a0 Dionatan e Lucas\u00a0 ficando mais experiente ou mais velhinhos, \u00a0kkkkk. A empres\u00e1ria e Couch Simone Salgado fez um reveillon de sucesso em Philadelfia. Na foto com DJ JULUSI e o marido Carlos. O empres\u00e1rio Jo\u00e3o do JB Auto\u00a0 todo estiloso trabalhando em seu escrit\u00f3rio O camarada Israel Guerra comemorou seu niver com amigos no Casa Nova Adams e lembrou do dia da partida de BH a NJ, Happy birthday.<\/p>\n","protected":false},"author":1,"featured_media":50905,"comment_status":"open","ping_status":"closed","sticky":false,"template":"","format":"standard","meta":{"_links_to":"","_links_to_target":""},"categories":[3,1,6],"tags":[],"views":1364,"_links":{"self":[{"href":"https:\/\/www.brazilianpress.com\/v1\/wp-json\/wp\/v2\/posts\/50909"}],"collection":[{"href":"https:\/\/www.brazilianpress.com\/v1\/wp-json\/wp\/v2\/posts"}],"about":[{"href":"https:\/\/www.brazilianpress.com\/v1\/wp-json\/wp\/v2\/types\/post"}],"author":[{"embeddable":true,"href":"https:\/\/www.brazilianpress.com\/v1\/wp-json\/wp\/v2\/users\/1"}],"replies":[{"embeddable":true,"href":"https:\/\/www.brazilianpress.com\/v1\/wp-json\/wp\/v2\/comments?post=50909"}],"version-history":[{"count":1,"href":"https:\/\/www.brazilianpress.com\/v1\/wp-json\/wp\/v2\/posts\/50909\/revisions"}],"predecessor-version":[{"id":50910,"href":"https:\/\/www.brazilianpress.com\/v1\/wp-json\/wp\/v2\/posts\/50909\/revisions\/50910"}],"wp:featuredmedia":[{"embeddable":true,"href":"https:\/\/www.brazilianpress.com\/v1\/wp-json\/wp\/v2\/media\/50905"}],"wp:attachment":[{"href":"https:\/\/www.brazilianpress.com\/v1\/wp-json\/wp\/v2\/media?parent=50909"}],"wp:term":[{"taxonomy":"category","embeddable":true,"href":"https:\/\/www.brazilianpress.com\/v1\/wp-json\/wp\/v2\/categories?post=50909"},{"taxonomy":"post_tag","embeddable":true,"href":"https:\/\/www.brazilianpress.com\/v1\/wp-json\/wp\/v2\/tags?post=50909"}],"curies":[{"name":"wp","href":"https:\/\/api.w.org\/{rel}","templated":true}]}}