{"id":51035,"date":"2022-02-18T10:32:49","date_gmt":"2022-02-18T14:32:49","guid":{"rendered":"https:\/\/www.brazilianpress.com\/v1\/?p=51035"},"modified":"2022-02-18T10:32:49","modified_gmt":"2022-02-18T14:32:49","slug":"social-press-18-02-2022","status":"publish","type":"post","link":"https:\/\/www.brazilianpress.com\/v1\/2022\/02\/18\/social-press-18-02-2022\/","title":{"rendered":"Social Press . 18\/02\/2022"},"content":{"rendered":"<p><em><strong>Happy birthday Sophia essa mocinha linda que completou 1 aninho na foto com os pais F\u00e1bio e Mar\u00edlia. Parab\u00e9ns!!<\/strong><\/em><\/p>\n<p><em><strong><img loading=\"lazy\" class=\"alignnone size-full wp-image-51029\" src=\"https:\/\/www.brazilianpress.com\/v1\/wp-content\/uploads\/2022\/02\/Foto-2-Estendemos-nossas-boas-vindas.jpg\" alt=\"\" width=\"698\" height=\"407\" srcset=\"https:\/\/www.brazilianpress.com\/v1\/wp-content\/uploads\/2022\/02\/Foto-2-Estendemos-nossas-boas-vindas.jpg 698w, https:\/\/www.brazilianpress.com\/v1\/wp-content\/uploads\/2022\/02\/Foto-2-Estendemos-nossas-boas-vindas-300x175.jpg 300w\" sizes=\"(max-width: 698px) 100vw, 698px\" \/><br \/>\nEstendemos nossas boas-vindas ao consagrado cantor e compositor Gospel, Daniel Ludtke, autor do \u00e1lbum &#8220;Salmos&#8221;, sua esposa Marla e as crian\u00e7as, que agora fazem parte da Fam\u00edlia Adventista de Newark. Na foto, o Novo ministro da M\u00fasica, sendo recepcionado pelo Pastor Pablo Cisneros e sua esposa Vivian. Que seja Pura Ben\u00e7\u00e3o para nossa comunidade.<\/strong><\/em><\/p>\n<p><em><strong><img loading=\"lazy\" class=\"alignnone size-full wp-image-51030\" src=\"https:\/\/www.brazilianpress.com\/v1\/wp-content\/uploads\/2022\/02\/Foto-3-O-casal-Aline-e-.jpg\" alt=\"\" width=\"700\" height=\"438\" srcset=\"https:\/\/www.brazilianpress.com\/v1\/wp-content\/uploads\/2022\/02\/Foto-3-O-casal-Aline-e-.jpg 700w, https:\/\/www.brazilianpress.com\/v1\/wp-content\/uploads\/2022\/02\/Foto-3-O-casal-Aline-e--300x188.jpg 300w\" sizes=\"(max-width: 700px) 100vw, 700px\" \/><br \/>\nO Casal Aline e Michel estavam neste s\u00e1bado curtindo a noite v\u00e9spera de Valentines Day no Restaurante Barretos em Newark. Um brinde ao amor.<\/strong><\/em><\/p>\n<p><em><strong><img loading=\"lazy\" class=\"alignnone size-full wp-image-51031\" src=\"https:\/\/www.brazilianpress.com\/v1\/wp-content\/uploads\/2022\/02\/Foto-4-Essa-parceria.jpg\" alt=\"\" width=\"676\" height=\"450\" srcset=\"https:\/\/www.brazilianpress.com\/v1\/wp-content\/uploads\/2022\/02\/Foto-4-Essa-parceria.jpg 676w, https:\/\/www.brazilianpress.com\/v1\/wp-content\/uploads\/2022\/02\/Foto-4-Essa-parceria-300x200.jpg 300w\" sizes=\"(max-width: 676px) 100vw, 676px\" \/><br \/>\nEst\u00e1 nova parceria com o BraZilian Press tem tudo pra dar certo! A colunista Deiselu Guido com toda sua simpatia, alegria de viver e carisma vai cobrir eventos e festas para o jornal impresso e nas redes sociais. Vamos registrar os melhores momentos.<\/strong><\/em><\/p>\n<p><em><strong><img loading=\"lazy\" class=\"alignnone size-full wp-image-51032\" src=\"https:\/\/www.brazilianpress.com\/v1\/wp-content\/uploads\/2022\/02\/Foto-5-O-restaurante-Barretos.jpg\" alt=\"\" width=\"692\" height=\"450\" srcset=\"https:\/\/www.brazilianpress.com\/v1\/wp-content\/uploads\/2022\/02\/Foto-5-O-restaurante-Barretos.jpg 692w, https:\/\/www.brazilianpress.com\/v1\/wp-content\/uploads\/2022\/02\/Foto-5-O-restaurante-Barretos-300x195.jpg 300w\" sizes=\"(max-width: 692px) 100vw, 692px\" \/><br \/>\nO Restaurante Barretos teve a presen\u00e7a do Antony Campos desfrutando das novidades que sempre acontecem por l\u00e1.<\/strong><\/em><\/p>\n<p><em><strong><img loading=\"lazy\" class=\"alignnone size-full wp-image-51033\" src=\"https:\/\/www.brazilianpress.com\/v1\/wp-content\/uploads\/2022\/02\/Foto-6-Jimmy-Godoy.jpg\" alt=\"\" width=\"699\" height=\"447\" srcset=\"https:\/\/www.brazilianpress.com\/v1\/wp-content\/uploads\/2022\/02\/Foto-6-Jimmy-Godoy.jpg 699w, https:\/\/www.brazilianpress.com\/v1\/wp-content\/uploads\/2022\/02\/Foto-6-Jimmy-Godoy-300x192.jpg 300w\" sizes=\"(max-width: 699px) 100vw, 699px\" \/><br \/>\nVoc\u00ea sabia que hoje voc\u00ea pode planejar seu futuro na Am\u00e9rica com um plano privado de aposentadoria com apenas $5 d\u00f3lares por dia? para mais informa\u00e7\u00f5es fale com Jimmy Godoy (201) 407-1241, e marque uma consulta gratuita hoje mesmo. <a href=\"http:\/\/www.SeguroNaAmerica.com\">www.SeguroNaAmerica.com<\/a> .<\/strong><\/em><\/p>\n<p><strong>ANIVERSARIANTES DO M\u00caS<\/strong><\/p>\n<p><img src=\"https:\/\/i.imgur.com\/PqBTO6w.jpg\" \/><\/p>\n","protected":false},"excerpt":{"rendered":"<p>Happy birthday Sophia essa mocinha linda que completou 1 aninho na foto com os pais F\u00e1bio e Mar\u00edlia. Parab\u00e9ns!! Estendemos nossas boas-vindas ao consagrado cantor e compositor Gospel, Daniel Ludtke, autor do \u00e1lbum &#8220;Salmos&#8221;, sua esposa Marla e as crian\u00e7as, que agora fazem parte da Fam\u00edlia Adventista de Newark. Na foto, o Novo ministro da M\u00fasica, sendo recepcionado pelo Pastor Pablo Cisneros e sua esposa Vivian. Que seja Pura Ben\u00e7\u00e3o para nossa comunidade. O Casal Aline e Michel estavam neste s\u00e1bado curtindo a noite v\u00e9spera de Valentines Day no Restaurante Barretos em Newark. Um brinde ao amor. Est\u00e1 nova parceria [&hellip;]<\/p>\n","protected":false},"author":1,"featured_media":51034,"comment_status":"open","ping_status":"closed","sticky":false,"template":"","format":"standard","meta":{"_links_to":"","_links_to_target":""},"categories":[3,1,6],"tags":[],"views":1592,"_links":{"self":[{"href":"https:\/\/www.brazilianpress.com\/v1\/wp-json\/wp\/v2\/posts\/51035"}],"collection":[{"href":"https:\/\/www.brazilianpress.com\/v1\/wp-json\/wp\/v2\/posts"}],"about":[{"href":"https:\/\/www.brazilianpress.com\/v1\/wp-json\/wp\/v2\/types\/post"}],"author":[{"embeddable":true,"href":"https:\/\/www.brazilianpress.com\/v1\/wp-json\/wp\/v2\/users\/1"}],"replies":[{"embeddable":true,"href":"https:\/\/www.brazilianpress.com\/v1\/wp-json\/wp\/v2\/comments?post=51035"}],"version-history":[{"count":1,"href":"https:\/\/www.brazilianpress.com\/v1\/wp-json\/wp\/v2\/posts\/51035\/revisions"}],"predecessor-version":[{"id":51036,"href":"https:\/\/www.brazilianpress.com\/v1\/wp-json\/wp\/v2\/posts\/51035\/revisions\/51036"}],"wp:featuredmedia":[{"embeddable":true,"href":"https:\/\/www.brazilianpress.com\/v1\/wp-json\/wp\/v2\/media\/51034"}],"wp:attachment":[{"href":"https:\/\/www.brazilianpress.com\/v1\/wp-json\/wp\/v2\/media?parent=51035"}],"wp:term":[{"taxonomy":"category","embeddable":true,"href":"https:\/\/www.brazilianpress.com\/v1\/wp-json\/wp\/v2\/categories?post=51035"},{"taxonomy":"post_tag","embeddable":true,"href":"https:\/\/www.brazilianpress.com\/v1\/wp-json\/wp\/v2\/tags?post=51035"}],"curies":[{"name":"wp","href":"https:\/\/api.w.org\/{rel}","templated":true}]}}