{"id":51168,"date":"2022-03-04T13:44:41","date_gmt":"2022-03-04T17:44:41","guid":{"rendered":"https:\/\/www.brazilianpress.com\/v1\/?p=51168"},"modified":"2022-03-04T13:44:41","modified_gmt":"2022-03-04T17:44:41","slug":"lea-campos-parabens-a-fifa-e-a-uefa","status":"publish","type":"post","link":"https:\/\/www.brazilianpress.com\/v1\/2022\/03\/04\/lea-campos-parabens-a-fifa-e-a-uefa\/","title":{"rendered":"L\u00e9a Campos: Parab\u00e9ns \u00e0 FIFa e \u00e0 UEFA"},"content":{"rendered":"<p><strong>A R\u00fassia foi anfitri\u00e3 do Mundial de 2018 e estar\u00e1 fora da Copa de Catar. Uma forma de castigar algu\u00e9m que n\u00e3o respeita os direitos dos demais, que pensa ser o dono do mundo. \u00c9 triste, porque a R\u00fassia sempre aportou bons jogadores para o esporte-rei, mas o ego\u00edsmo de um homem \u00e9 maior do que o sonho de seus nacionais.<\/strong><\/p>\n<p>A FIFA tomou a decis\u00e3o de suspender a Federa\u00e7\u00e3o de Futebol da R\u00fassia de participar de qualquer competi\u00e7\u00e3o organizada pela entidade m\u00e1xima, assim o pa\u00eds estar\u00e1 fora do Mundial 2022, j\u00e1 que n\u00e3o disputar\u00e1 nem mesmo a repescagem que seria contra a Pol\u00f4nia dia 24 deste m\u00eas, bem como a sele\u00e7\u00e3o feminina e as sele\u00e7\u00f5es de base.<\/p>\n<p>Dita decis\u00e3o foi em conjunto com a UEFA, que \u00e9 a entidade respons\u00e1vel pelo futebol do Continente Europeu, recebeu o apoio da Uni\u00e3o Europeia e do mundo futebol\u00edstico.<\/p>\n<p>A UEFA decidiu ainda romper o contrato de patroc\u00ednio que mantinha com a empresa estatal Gazprom.<\/p>\n<p>Os advers\u00e1rios, que enfrentariam a R\u00fassia, que s\u00e3o a Rep\u00fablica Tcheca e a Su\u00e9cia, se recusaram\u00a0a jogar contra o pa\u00eds de Putin em protesto a invas\u00e3oaUcr\u00e2nia.<\/p>\n<p>A FIFA anunciou outra puni\u00e7\u00e3o: al\u00e9m de estar proibida de jogar, o pa\u00edsn\u00e3opoder\u00e1 usar os s\u00edmbolos, bandeira e hino.<\/p>\n<p>A sele\u00e7\u00e3o feminina de futebol est\u00e1 proibida de participar da Eurocopa que ser\u00e1 jogada em julho na Inglaterra.<\/p>\n<p>Vamos esperar para ver que atitude tomar\u00e1 o presidente russo quando tomar conhecimento dessas proibi\u00e7\u00f5es.<\/p>\n<p>O mundo n\u00e3o tem dono, \u00e9 de todos n\u00f3s, por isso temos que respeitar o pr\u00f3ximo e promover guerra \u00e9pr\u00f3prio de pa\u00edses que n\u00e3o tem a democracia como meta.<\/p>\n<p>Quem invade sempre fica em seus gabinetes assistindo pela televis\u00e3o o desastre que promove.<\/p>\n<p>Quando a Alemanha derrubou o muro divis\u00f3rio foi um al\u00edvio para o mundo, quando vamos ver o mesmo acontecer na R\u00fassia?<\/p>\n<p>O ego\u00edsmo de alguns \u00e9 a destrui\u00e7\u00e3o de muitos.<\/p>\n<p>&nbsp;<\/p>\n<p>(Foto: Mike Kireev\/NurPhoto via Getty Images)<\/p>\n","protected":false},"excerpt":{"rendered":"<p>A R\u00fassia foi anfitri\u00e3 do Mundial de 2018 e estar\u00e1 fora da Copa de Catar. Uma forma de castigar algu\u00e9m que n\u00e3o respeita os direitos dos demais, que pensa ser o dono do mundo. \u00c9 triste, porque a R\u00fassia sempre aportou bons jogadores para o esporte-rei, mas o ego\u00edsmo de um homem \u00e9 maior do que o sonho de seus nacionais. A FIFA tomou a decis\u00e3o de suspender a Federa\u00e7\u00e3o de Futebol da R\u00fassia de participar de qualquer competi\u00e7\u00e3o organizada pela entidade m\u00e1xima, assim o pa\u00eds estar\u00e1 fora do Mundial 2022, j\u00e1 que n\u00e3o disputar\u00e1 nem mesmo a repescagem que [&hellip;]<\/p>\n","protected":false},"author":1,"featured_media":51169,"comment_status":"open","ping_status":"closed","sticky":false,"template":"","format":"standard","meta":{"_links_to":"","_links_to_target":""},"categories":[15,1],"tags":[],"views":1214,"_links":{"self":[{"href":"https:\/\/www.brazilianpress.com\/v1\/wp-json\/wp\/v2\/posts\/51168"}],"collection":[{"href":"https:\/\/www.brazilianpress.com\/v1\/wp-json\/wp\/v2\/posts"}],"about":[{"href":"https:\/\/www.brazilianpress.com\/v1\/wp-json\/wp\/v2\/types\/post"}],"author":[{"embeddable":true,"href":"https:\/\/www.brazilianpress.com\/v1\/wp-json\/wp\/v2\/users\/1"}],"replies":[{"embeddable":true,"href":"https:\/\/www.brazilianpress.com\/v1\/wp-json\/wp\/v2\/comments?post=51168"}],"version-history":[{"count":1,"href":"https:\/\/www.brazilianpress.com\/v1\/wp-json\/wp\/v2\/posts\/51168\/revisions"}],"predecessor-version":[{"id":51170,"href":"https:\/\/www.brazilianpress.com\/v1\/wp-json\/wp\/v2\/posts\/51168\/revisions\/51170"}],"wp:featuredmedia":[{"embeddable":true,"href":"https:\/\/www.brazilianpress.com\/v1\/wp-json\/wp\/v2\/media\/51169"}],"wp:attachment":[{"href":"https:\/\/www.brazilianpress.com\/v1\/wp-json\/wp\/v2\/media?parent=51168"}],"wp:term":[{"taxonomy":"category","embeddable":true,"href":"https:\/\/www.brazilianpress.com\/v1\/wp-json\/wp\/v2\/categories?post=51168"},{"taxonomy":"post_tag","embeddable":true,"href":"https:\/\/www.brazilianpress.com\/v1\/wp-json\/wp\/v2\/tags?post=51168"}],"curies":[{"name":"wp","href":"https:\/\/api.w.org\/{rel}","templated":true}]}}