{"id":51291,"date":"2022-03-18T13:31:42","date_gmt":"2022-03-18T17:31:42","guid":{"rendered":"https:\/\/www.brazilianpress.com\/v1\/?p=51291"},"modified":"2022-03-18T13:31:42","modified_gmt":"2022-03-18T17:31:42","slug":"comunidade-unida-canal-infantil-minha-vida-e-uma-viagem-realiza-show-especial-em-newark","status":"publish","type":"post","link":"https:\/\/www.brazilianpress.com\/v1\/2022\/03\/18\/comunidade-unida-canal-infantil-minha-vida-e-uma-viagem-realiza-show-especial-em-newark\/","title":{"rendered":"Comunidade Unida: Canal infantil \u201cMinha vida \u00e9 uma viagem\u201d realiza show especial em Newark"},"content":{"rendered":"<p><strong>NJ- O canal infantil \u201cMinha vida \u00e9 uma viagem\u201d anunciou essa semana que far\u00e1 show ao vivo em Newark. Com mais de 700 milh\u00f5es de visualiza\u00e7\u00f5es no youtube, o canal musical para crian\u00e7as \u00e9 um dos maiores do segmento crist\u00e3o no Brasil.<\/strong><\/p>\n<p>No domingo 27 de mar\u00e7o o \u201cMinha vida \u00e9 uma viagem\u201d se apresentar\u00e1 na Newark Luso-Brazilian Seventh-day Adventist Church \u00e0s 4pm. A entrada \u00e9 franca. \u201cAs fam\u00edlias de Newark podem esperar um momento de muita m\u00fasica, alegria e aprendizado, um dia pra ficar marcado no cora\u00e7\u00e3o das crian\u00e7as\u201d, comentou Daniel L\u00fcdtke, cantor e criador do projeto.<\/p>\n<p><img loading=\"lazy\" class=\"alignnone size-full wp-image-51296\" src=\"https:\/\/www.brazilianpress.com\/v1\/wp-content\/uploads\/2022\/03\/Foto-2-minha-vida-e-uma-viagem-1.jpg\" alt=\"\" width=\"700\" height=\"394\" srcset=\"https:\/\/www.brazilianpress.com\/v1\/wp-content\/uploads\/2022\/03\/Foto-2-minha-vida-e-uma-viagem-1.jpg 700w, https:\/\/www.brazilianpress.com\/v1\/wp-content\/uploads\/2022\/03\/Foto-2-minha-vida-e-uma-viagem-1-300x169.jpg 300w, https:\/\/www.brazilianpress.com\/v1\/wp-content\/uploads\/2022\/03\/Foto-2-minha-vida-e-uma-viagem-1-400x225.jpg 400w, https:\/\/www.brazilianpress.com\/v1\/wp-content\/uploads\/2022\/03\/Foto-2-minha-vida-e-uma-viagem-1-600x338.jpg 600w\" sizes=\"(max-width: 700px) 100vw, 700px\" \/><\/p>\n<p>Marla L\u00fcdtke, tamb\u00e9m cantora do \u201cMinha vida \u00e9 uma viagem\u201d, assegura: \u201cAs crian\u00e7as amam m\u00fasica. E essa \u00e9 uma ferramenta que usamos para deixar os melhores princ\u00edpios e conte\u00fados na mente dos pequenos. Sabemos que muitas m\u00e1s influ\u00eancias e temas nocivos est\u00e3o sendo colocados na mente dos nossos filhos. \u00c9 exatamente isso que queremos combater. Queremos promover m\u00fasica que fa\u00e7a sonhar e transformar. E ser\u00e1 um privil\u00e9gio fazer isso junto com as fam\u00edlias de Newark\u201d, completou. Domingo, 27 de Marco as 4 da tarde no 334 New York Avenue, Newark-NJ. Entrada Gratuita!<\/p>\n<p><img loading=\"lazy\" class=\"alignnone size-full wp-image-51293\" src=\"https:\/\/www.brazilianpress.com\/v1\/wp-content\/uploads\/2022\/03\/Foto-3-minha-vida-e-uma-viagem.jpg\" alt=\"\" width=\"700\" height=\"394\" srcset=\"https:\/\/www.brazilianpress.com\/v1\/wp-content\/uploads\/2022\/03\/Foto-3-minha-vida-e-uma-viagem.jpg 700w, https:\/\/www.brazilianpress.com\/v1\/wp-content\/uploads\/2022\/03\/Foto-3-minha-vida-e-uma-viagem-300x169.jpg 300w, https:\/\/www.brazilianpress.com\/v1\/wp-content\/uploads\/2022\/03\/Foto-3-minha-vida-e-uma-viagem-400x225.jpg 400w, https:\/\/www.brazilianpress.com\/v1\/wp-content\/uploads\/2022\/03\/Foto-3-minha-vida-e-uma-viagem-600x338.jpg 600w\" sizes=\"(max-width: 700px) 100vw, 700px\" \/><\/p>\n","protected":false},"excerpt":{"rendered":"<p>NJ- O canal infantil \u201cMinha vida \u00e9 uma viagem\u201d anunciou essa semana que far\u00e1 show ao vivo em Newark. Com mais de 700 milh\u00f5es de visualiza\u00e7\u00f5es no youtube, o canal musical para crian\u00e7as \u00e9 um dos maiores do segmento crist\u00e3o no Brasil. No domingo 27 de mar\u00e7o o \u201cMinha vida \u00e9 uma viagem\u201d se apresentar\u00e1 na Newark Luso-Brazilian Seventh-day Adventist Church \u00e0s 4pm. A entrada \u00e9 franca. \u201cAs fam\u00edlias de Newark podem esperar um momento de muita m\u00fasica, alegria e aprendizado, um dia pra ficar marcado no cora\u00e7\u00e3o das crian\u00e7as\u201d, comentou Daniel L\u00fcdtke, cantor e criador do projeto. Marla L\u00fcdtke, [&hellip;]<\/p>\n","protected":false},"author":1,"featured_media":51292,"comment_status":"open","ping_status":"closed","sticky":false,"template":"","format":"standard","meta":{"_links_to":"","_links_to_target":""},"categories":[4,3,1],"tags":[],"views":2208,"_links":{"self":[{"href":"https:\/\/www.brazilianpress.com\/v1\/wp-json\/wp\/v2\/posts\/51291"}],"collection":[{"href":"https:\/\/www.brazilianpress.com\/v1\/wp-json\/wp\/v2\/posts"}],"about":[{"href":"https:\/\/www.brazilianpress.com\/v1\/wp-json\/wp\/v2\/types\/post"}],"author":[{"embeddable":true,"href":"https:\/\/www.brazilianpress.com\/v1\/wp-json\/wp\/v2\/users\/1"}],"replies":[{"embeddable":true,"href":"https:\/\/www.brazilianpress.com\/v1\/wp-json\/wp\/v2\/comments?post=51291"}],"version-history":[{"count":3,"href":"https:\/\/www.brazilianpress.com\/v1\/wp-json\/wp\/v2\/posts\/51291\/revisions"}],"predecessor-version":[{"id":51297,"href":"https:\/\/www.brazilianpress.com\/v1\/wp-json\/wp\/v2\/posts\/51291\/revisions\/51297"}],"wp:featuredmedia":[{"embeddable":true,"href":"https:\/\/www.brazilianpress.com\/v1\/wp-json\/wp\/v2\/media\/51292"}],"wp:attachment":[{"href":"https:\/\/www.brazilianpress.com\/v1\/wp-json\/wp\/v2\/media?parent=51291"}],"wp:term":[{"taxonomy":"category","embeddable":true,"href":"https:\/\/www.brazilianpress.com\/v1\/wp-json\/wp\/v2\/categories?post=51291"},{"taxonomy":"post_tag","embeddable":true,"href":"https:\/\/www.brazilianpress.com\/v1\/wp-json\/wp\/v2\/tags?post=51291"}],"curies":[{"name":"wp","href":"https:\/\/api.w.org\/{rel}","templated":true}]}}