{"id":51404,"date":"2022-03-31T17:35:04","date_gmt":"2022-03-31T21:35:04","guid":{"rendered":"https:\/\/www.brazilianpress.com\/v1\/?p=51404"},"modified":"2022-03-31T17:35:04","modified_gmt":"2022-03-31T21:35:04","slug":"trump-ataca-governo-biden-eua-parecem-um-pais-de-terceiro-mundo","status":"publish","type":"post","link":"https:\/\/www.brazilianpress.com\/v1\/2022\/03\/31\/trump-ataca-governo-biden-eua-parecem-um-pais-de-terceiro-mundo\/","title":{"rendered":"Trump ataca governo Biden: &#8220;EUA parecem um pa\u00eds de terceiro mundo&#8221;"},"content":{"rendered":"<p><strong>O ex-presidente Trump culpou a gest\u00e3o Biden por problemas na cadeia de suprimentos e comparou os Estados Unidos a um pa\u00eds do terceiro mundo por causa da escassez de itens como p\u00e3o, joias e m\u00f3veis de escrit\u00f3rio.<\/strong><\/p>\n<p>Falando com John Solomon e Amanda Head em uma entrevista de 25 minutos que abordou diversos t\u00f3picos e come\u00e7ou com o que Trump faria em um potencial segundo mandato, o ex-presidente disse que, em sua opini\u00e3o, a quest\u00e3o mais urgente era a cadeia de suprimentos.<\/p>\n<p>&#8220;Voc\u00ea vai a uma loja, eles n\u00e3o t\u00eam p\u00e3o. Somos como um pa\u00eds de terceiro mundo. Eles n\u00e3o t\u00eam coisas. Voc\u00ea vai comprar alguma coisa na Tiffany&#8217;s, voc\u00ea vai comprar alguma coisa em uma loja de ferragens \u2013 alta, baixa \u2013 eles n\u00e3o t\u00eam produto&#8221;, explicou o ex-presidente. &#8220;At\u00e9 eu, quando pe\u00e7o coisas como m\u00f3veis para um pr\u00e9dio, eles dizem que v\u00e3o levar nove meses para chegar. Costumava ser servi\u00e7o no mesmo dia. Cadeia de suprimentos, nunca ouvimos o termo [quando Trump estava no cargo]. O sistema estava funcionando. O sistema est\u00e1 quebrado. Estamos entrando no socialismo e estamos entrando no comunismo&#8221;, afirmou Trump.<\/p>\n<p><img loading=\"lazy\" class=\"alignnone size-full wp-image-45675\" src=\"https:\/\/www.brazilianpress.com\/v1\/wp-content\/uploads\/2020\/09\/trump-1.jpg\" alt=\"\" width=\"600\" height=\"400\" srcset=\"https:\/\/www.brazilianpress.com\/v1\/wp-content\/uploads\/2020\/09\/trump-1.jpg 600w, https:\/\/www.brazilianpress.com\/v1\/wp-content\/uploads\/2020\/09\/trump-1-300x200.jpg 300w\" sizes=\"(max-width: 600px) 100vw, 600px\" \/><\/p>\n<p>Os problemas da cadeia de suprimentos come\u00e7aram durante a pandemia do COVID-19 e a escassez de produtos estava presente durante o governo Trump. V\u00e1rios meios de comunica\u00e7\u00e3o cobriram prateleiras vazias nas lojas desde os primeiros dias da pandemia e ap\u00f3s a elei\u00e7\u00e3o de 2020. O CEO da Tyson Foods alertou sobre problemas na cadeia de suprimentos em abril de 2020 e a Axios informou que 75% das empresas americanas estavam tendo seu funcionamento &#8220;interrompido&#8221; por problemas na cadeia de suprimentos j\u00e1 em mar\u00e7o de 2020. O presidente Biden e seu governo n\u00e3o est\u00e3o imunes a cr\u00edticas sobre o assunto. Os problemas da cadeia de suprimentos que come\u00e7aram no in\u00edcio da pandemia, ainda no governo Trump, permanecem sem solu\u00e7\u00e3o mais de um ano depois de Biden assumir a Casa Branca. Durante a entrevista, Trump tamb\u00e9m pediu ao presidente russo, Vladimir Putin, que revelasse qualquer sujeira que eles tivessem sobre a fam\u00edlia Biden. \/\/ Fonte: Sputnik.<\/p>\n","protected":false},"excerpt":{"rendered":"<p>O ex-presidente Trump culpou a gest\u00e3o Biden por problemas na cadeia de suprimentos e comparou os Estados Unidos a um pa\u00eds do terceiro mundo por causa da escassez de itens como p\u00e3o, joias e m\u00f3veis de escrit\u00f3rio. Falando com John Solomon e Amanda Head em uma entrevista de 25 minutos que abordou diversos t\u00f3picos e come\u00e7ou com o que Trump faria em um potencial segundo mandato, o ex-presidente disse que, em sua opini\u00e3o, a quest\u00e3o mais urgente era a cadeia de suprimentos. &#8220;Voc\u00ea vai a uma loja, eles n\u00e3o t\u00eam p\u00e3o. Somos como um pa\u00eds de terceiro mundo. Eles n\u00e3o [&hellip;]<\/p>\n","protected":false},"author":1,"featured_media":39714,"comment_status":"open","ping_status":"closed","sticky":false,"template":"","format":"standard","meta":{"_links_to":"","_links_to_target":""},"categories":[3,1,10],"tags":[],"views":1122,"_links":{"self":[{"href":"https:\/\/www.brazilianpress.com\/v1\/wp-json\/wp\/v2\/posts\/51404"}],"collection":[{"href":"https:\/\/www.brazilianpress.com\/v1\/wp-json\/wp\/v2\/posts"}],"about":[{"href":"https:\/\/www.brazilianpress.com\/v1\/wp-json\/wp\/v2\/types\/post"}],"author":[{"embeddable":true,"href":"https:\/\/www.brazilianpress.com\/v1\/wp-json\/wp\/v2\/users\/1"}],"replies":[{"embeddable":true,"href":"https:\/\/www.brazilianpress.com\/v1\/wp-json\/wp\/v2\/comments?post=51404"}],"version-history":[{"count":1,"href":"https:\/\/www.brazilianpress.com\/v1\/wp-json\/wp\/v2\/posts\/51404\/revisions"}],"predecessor-version":[{"id":51405,"href":"https:\/\/www.brazilianpress.com\/v1\/wp-json\/wp\/v2\/posts\/51404\/revisions\/51405"}],"wp:featuredmedia":[{"embeddable":true,"href":"https:\/\/www.brazilianpress.com\/v1\/wp-json\/wp\/v2\/media\/39714"}],"wp:attachment":[{"href":"https:\/\/www.brazilianpress.com\/v1\/wp-json\/wp\/v2\/media?parent=51404"}],"wp:term":[{"taxonomy":"category","embeddable":true,"href":"https:\/\/www.brazilianpress.com\/v1\/wp-json\/wp\/v2\/categories?post=51404"},{"taxonomy":"post_tag","embeddable":true,"href":"https:\/\/www.brazilianpress.com\/v1\/wp-json\/wp\/v2\/tags?post=51404"}],"curies":[{"name":"wp","href":"https:\/\/api.w.org\/{rel}","templated":true}]}}