{"id":51417,"date":"2022-04-01T10:27:03","date_gmt":"2022-04-01T14:27:03","guid":{"rendered":"https:\/\/www.brazilianpress.com\/v1\/?p=51417"},"modified":"2022-04-01T13:17:31","modified_gmt":"2022-04-01T17:17:31","slug":"social-press-01-04-2022","status":"publish","type":"post","link":"https:\/\/www.brazilianpress.com\/v1\/2022\/04\/01\/social-press-01-04-2022\/","title":{"rendered":"Social Press . 01\/04\/2022"},"content":{"rendered":"<p><em><strong>Nossas felicita\u00e7oes vai para\u00a0 nosso menino prod\u00edgio, Roger Costa\u00a0 inteligente,\u00a0 um maravilhoso cr\u00edtico de cinema, dedicado, que Deus o ilumine nessa caminhada,\u00a0 seja luz!<\/strong><\/em><\/p>\n<p><em><strong><img loading=\"lazy\" class=\"alignnone size-full wp-image-51409\" src=\"https:\/\/www.brazilianpress.com\/v1\/wp-content\/uploads\/2022\/04\/Foto-2-esbanja-alegria-por-onde-vai.jpg\" alt=\"\" width=\"672\" height=\"450\" srcset=\"https:\/\/www.brazilianpress.com\/v1\/wp-content\/uploads\/2022\/04\/Foto-2-esbanja-alegria-por-onde-vai.jpg 672w, https:\/\/www.brazilianpress.com\/v1\/wp-content\/uploads\/2022\/04\/Foto-2-esbanja-alegria-por-onde-vai-300x201.jpg 300w\" sizes=\"(max-width: 672px) 100vw, 672px\" \/><br \/>\nHappy Birthday Deiselu, Esbanja alegria por onde vai,\u00a0 boa energia, astral, engra\u00e7ada, continue contagiando a todos e celebre sim a vida todos os dias,\u00a0 felicidades!<\/strong><\/em><\/p>\n<p><em><strong><img loading=\"lazy\" class=\"alignnone size-full wp-image-51410\" src=\"https:\/\/www.brazilianpress.com\/v1\/wp-content\/uploads\/2022\/04\/Foto-3-Familia-correia.jpg\" alt=\"\" width=\"649\" height=\"450\" srcset=\"https:\/\/www.brazilianpress.com\/v1\/wp-content\/uploads\/2022\/04\/Foto-3-Familia-correia.jpg 649w, https:\/\/www.brazilianpress.com\/v1\/wp-content\/uploads\/2022\/04\/Foto-3-Familia-correia-300x208.jpg 300w\" sizes=\"(max-width: 649px) 100vw, 649px\" \/><br \/>\nFam\u00edlia Correia em festa comemorou o niver do Chefe Wendel Correia em Nova York!<\/strong><\/em><\/p>\n<p><em><strong><img loading=\"lazy\" class=\"alignnone size-full wp-image-51411\" src=\"https:\/\/www.brazilianpress.com\/v1\/wp-content\/uploads\/2022\/04\/Foto-5-O-aniversariante-chris.jpg\" alt=\"\" width=\"662\" height=\"450\" srcset=\"https:\/\/www.brazilianpress.com\/v1\/wp-content\/uploads\/2022\/04\/Foto-5-O-aniversariante-chris.jpg 662w, https:\/\/www.brazilianpress.com\/v1\/wp-content\/uploads\/2022\/04\/Foto-5-O-aniversariante-chris-300x204.jpg 300w\" sizes=\"(max-width: 662px) 100vw, 662px\" \/><br \/>\nO aniversariante Christian , mais conhecido como \u201cPopozito\u201d, ao lado da esposa Drika. Parab\u00e9ns!<\/strong><\/em><\/p>\n<p><em><strong><img loading=\"lazy\" class=\"alignnone size-full wp-image-51416\" src=\"https:\/\/www.brazilianpress.com\/v1\/wp-content\/uploads\/2022\/04\/Foto-4-A-aniversariante-Maria-Coelho.jpg\" alt=\"\" width=\"641\" height=\"450\" srcset=\"https:\/\/www.brazilianpress.com\/v1\/wp-content\/uploads\/2022\/04\/Foto-4-A-aniversariante-Maria-Coelho.jpg 641w, https:\/\/www.brazilianpress.com\/v1\/wp-content\/uploads\/2022\/04\/Foto-4-A-aniversariante-Maria-Coelho-300x211.jpg 300w\" sizes=\"(max-width: 641px) 100vw, 641px\" \/><br \/>\nA Aniversariante Maria Coelho, que sempre prestigia a comunidade brasileira, recebendo flores no seu niver.<\/strong><\/em><\/p>\n<p><em><strong><img loading=\"lazy\" class=\"alignnone size-full wp-image-51412\" src=\"https:\/\/www.brazilianpress.com\/v1\/wp-content\/uploads\/2022\/04\/Foto-6-Alcyone-Schiavini.jpg\" alt=\"\" width=\"654\" height=\"450\" srcset=\"https:\/\/www.brazilianpress.com\/v1\/wp-content\/uploads\/2022\/04\/Foto-6-Alcyone-Schiavini.jpg 654w, https:\/\/www.brazilianpress.com\/v1\/wp-content\/uploads\/2022\/04\/Foto-6-Alcyone-Schiavini-300x206.jpg 300w\" sizes=\"(max-width: 654px) 100vw, 654px\" \/><br \/>\nAlcyone Schiavini ao lado da aniversarinte e filha Larissa, n\u00e3o \u00e9 que parecem irm\u00e4s. Parab\u00e9ns Larissa!<\/strong><\/em><\/p>\n<p><em><strong><img loading=\"lazy\" class=\"alignnone size-full wp-image-51413\" src=\"https:\/\/www.brazilianpress.com\/v1\/wp-content\/uploads\/2022\/04\/Foto-7-o-camarada-Nercy.jpg\" alt=\"\" width=\"624\" height=\"450\" srcset=\"https:\/\/www.brazilianpress.com\/v1\/wp-content\/uploads\/2022\/04\/Foto-7-o-camarada-Nercy.jpg 624w, https:\/\/www.brazilianpress.com\/v1\/wp-content\/uploads\/2022\/04\/Foto-7-o-camarada-Nercy-300x216.jpg 300w\" sizes=\"(max-width: 624px) 100vw, 624px\" \/><br \/>\nO Camarada Nercy Ruela tamb\u00e9m soprou as velinhas, Ruela agora s\u00f3 quer saber de praia e sol la pelas bandas de Miami.<\/strong><\/em><\/p>\n<p><em><strong><img loading=\"lazy\" class=\"alignnone size-full wp-image-51414\" src=\"https:\/\/www.brazilianpress.com\/v1\/wp-content\/uploads\/2022\/04\/Foto-8-Rodrigo-Assun\u00e7\u00e3o.jpg\" alt=\"\" width=\"683\" height=\"450\" srcset=\"https:\/\/www.brazilianpress.com\/v1\/wp-content\/uploads\/2022\/04\/Foto-8-Rodrigo-Assun\u00e7\u00e3o.jpg 683w, https:\/\/www.brazilianpress.com\/v1\/wp-content\/uploads\/2022\/04\/Foto-8-Rodrigo-Assun\u00e7\u00e3o-300x198.jpg 300w\" sizes=\"(max-width: 683px) 100vw, 683px\" \/><br \/>\nRodrigo Assun\u00e7\u00e3o tamb\u00e9m \u00e9 aniversariante do m\u00eas, Parab\u00e9ns Brother!<\/strong><\/em><\/p>\n<p><em><strong><img loading=\"lazy\" class=\"alignnone size-full wp-image-51415\" src=\"https:\/\/www.brazilianpress.com\/v1\/wp-content\/uploads\/2022\/04\/Foto-9-Fabio-Seghetto.jpg\" alt=\"\" width=\"697\" height=\"450\" srcset=\"https:\/\/www.brazilianpress.com\/v1\/wp-content\/uploads\/2022\/04\/Foto-9-Fabio-Seghetto.jpg 697w, https:\/\/www.brazilianpress.com\/v1\/wp-content\/uploads\/2022\/04\/Foto-9-Fabio-Seghetto-300x194.jpg 300w\" sizes=\"(max-width: 697px) 100vw, 697px\" \/><br \/>\nFabio Segheto estar\u00e1 completando mais um dia de vida\u00a0 no dia 03 de Abril. Na foto Fabio e fam\u00edlia. Parab\u00e9ns Fabio!<\/strong><\/em><\/p>\n","protected":false},"excerpt":{"rendered":"<p>Nossas felicita\u00e7oes vai para\u00a0 nosso menino prod\u00edgio, Roger Costa\u00a0 inteligente,\u00a0 um maravilhoso cr\u00edtico de cinema, dedicado, que Deus o ilumine nessa caminhada,\u00a0 seja luz! Happy Birthday Deiselu, Esbanja alegria por onde vai,\u00a0 boa energia, astral, engra\u00e7ada, continue contagiando a todos e celebre sim a vida todos os dias,\u00a0 felicidades! Fam\u00edlia Correia em festa comemorou o niver do Chefe Wendel Correia em Nova York! O aniversariante Christian , mais conhecido como \u201cPopozito\u201d, ao lado da esposa Drika. Parab\u00e9ns! A Aniversariante Maria Coelho, que sempre prestigia a comunidade brasileira, recebendo flores no seu niver. Alcyone Schiavini ao lado da aniversarinte e filha [&hellip;]<\/p>\n","protected":false},"author":1,"featured_media":51408,"comment_status":"open","ping_status":"closed","sticky":false,"template":"","format":"standard","meta":{"_links_to":"","_links_to_target":""},"categories":[3,1,6],"tags":[],"views":1431,"_links":{"self":[{"href":"https:\/\/www.brazilianpress.com\/v1\/wp-json\/wp\/v2\/posts\/51417"}],"collection":[{"href":"https:\/\/www.brazilianpress.com\/v1\/wp-json\/wp\/v2\/posts"}],"about":[{"href":"https:\/\/www.brazilianpress.com\/v1\/wp-json\/wp\/v2\/types\/post"}],"author":[{"embeddable":true,"href":"https:\/\/www.brazilianpress.com\/v1\/wp-json\/wp\/v2\/users\/1"}],"replies":[{"embeddable":true,"href":"https:\/\/www.brazilianpress.com\/v1\/wp-json\/wp\/v2\/comments?post=51417"}],"version-history":[{"count":2,"href":"https:\/\/www.brazilianpress.com\/v1\/wp-json\/wp\/v2\/posts\/51417\/revisions"}],"predecessor-version":[{"id":51419,"href":"https:\/\/www.brazilianpress.com\/v1\/wp-json\/wp\/v2\/posts\/51417\/revisions\/51419"}],"wp:featuredmedia":[{"embeddable":true,"href":"https:\/\/www.brazilianpress.com\/v1\/wp-json\/wp\/v2\/media\/51408"}],"wp:attachment":[{"href":"https:\/\/www.brazilianpress.com\/v1\/wp-json\/wp\/v2\/media?parent=51417"}],"wp:term":[{"taxonomy":"category","embeddable":true,"href":"https:\/\/www.brazilianpress.com\/v1\/wp-json\/wp\/v2\/categories?post=51417"},{"taxonomy":"post_tag","embeddable":true,"href":"https:\/\/www.brazilianpress.com\/v1\/wp-json\/wp\/v2\/tags?post=51417"}],"curies":[{"name":"wp","href":"https:\/\/api.w.org\/{rel}","templated":true}]}}