{"id":51464,"date":"2022-04-02T10:24:22","date_gmt":"2022-04-02T14:24:22","guid":{"rendered":"https:\/\/www.brazilianpress.com\/v1\/?p=51464"},"modified":"2022-04-02T10:24:22","modified_gmt":"2022-04-02T14:24:22","slug":"brasil-endividamento-de-familias-atinge-nivel-recorde-em-marco-diz-cnc","status":"publish","type":"post","link":"https:\/\/www.brazilianpress.com\/v1\/2022\/04\/02\/brasil-endividamento-de-familias-atinge-nivel-recorde-em-marco-diz-cnc\/","title":{"rendered":"Brasil: Endividamento de fam\u00edlias atinge n\u00edvel recorde em mar\u00e7o, diz CNC"},"content":{"rendered":"<p><strong>A parcela de fam\u00edlias com d\u00edvidas, em atraso ou n\u00e3o, no pa\u00eds atingiu 77,5% em mar\u00e7o deste ano. Essa \u00e9 a maior propor\u00e7\u00e3o de endividados desde o in\u00edcio da Pesquisa de Endividamento e Inadimpl\u00eancia do Consumidor (Peic), em 2010, segundo a Confedera\u00e7\u00e3o Nacional do Com\u00e9rcio de Bens, Servi\u00e7os e Turismo (CNC).<\/strong><\/p>\n<p>Em fevereiro, o percentual era de 76,6%. J\u00e1 em mar\u00e7o do ano passado, a taxa era de 67,3%, de acordo com a Peic. O percentual de inadimplentes, ou seja, fam\u00edlias com contas ou d\u00edvidas em atraso, chegou a 27,8%, o segundo maior percentual da pesquisa, ficando abaixo apenas daquele registrado no primeiro m\u00eas da Peic, em janeiro de 2010 (29,1%). Em fevereiro, taxa ficou em 27% e em mar\u00e7o de 2021, 24,4%.<\/p>\n<p>J\u00e1 as fam\u00edlias que n\u00e3o ter\u00e3o condi\u00e7\u00e3o de pagar suas d\u00edvidas e contas em atraso somam 10,8%, acima dos percentuais de fevereiro deste ano e de mar\u00e7o do ano passado (ambos 10,5%). O cart\u00e3o de cr\u00e9dito responde por 87% dos motivos de endividamento no pa\u00eds, seguido pelos carn\u00eas (18,7%), financiamento de carro (11,2%), cr\u00e9dito pessoal (9,4%) e financiamento de casa (8,6%). (ABr)<\/p>\n","protected":false},"excerpt":{"rendered":"<p>A parcela de fam\u00edlias com d\u00edvidas, em atraso ou n\u00e3o, no pa\u00eds atingiu 77,5% em mar\u00e7o deste ano. Essa \u00e9 a maior propor\u00e7\u00e3o de endividados desde o in\u00edcio da Pesquisa de Endividamento e Inadimpl\u00eancia do Consumidor (Peic), em 2010, segundo a Confedera\u00e7\u00e3o Nacional do Com\u00e9rcio de Bens, Servi\u00e7os e Turismo (CNC). Em fevereiro, o percentual era de 76,6%. J\u00e1 em mar\u00e7o do ano passado, a taxa era de 67,3%, de acordo com a Peic. O percentual de inadimplentes, ou seja, fam\u00edlias com contas ou d\u00edvidas em atraso, chegou a 27,8%, o segundo maior percentual da pesquisa, ficando abaixo apenas daquele [&hellip;]<\/p>\n","protected":false},"author":1,"featured_media":51465,"comment_status":"open","ping_status":"closed","sticky":false,"template":"","format":"standard","meta":{"_links_to":"","_links_to_target":""},"categories":[7,1],"tags":[],"views":795,"_links":{"self":[{"href":"https:\/\/www.brazilianpress.com\/v1\/wp-json\/wp\/v2\/posts\/51464"}],"collection":[{"href":"https:\/\/www.brazilianpress.com\/v1\/wp-json\/wp\/v2\/posts"}],"about":[{"href":"https:\/\/www.brazilianpress.com\/v1\/wp-json\/wp\/v2\/types\/post"}],"author":[{"embeddable":true,"href":"https:\/\/www.brazilianpress.com\/v1\/wp-json\/wp\/v2\/users\/1"}],"replies":[{"embeddable":true,"href":"https:\/\/www.brazilianpress.com\/v1\/wp-json\/wp\/v2\/comments?post=51464"}],"version-history":[{"count":1,"href":"https:\/\/www.brazilianpress.com\/v1\/wp-json\/wp\/v2\/posts\/51464\/revisions"}],"predecessor-version":[{"id":51466,"href":"https:\/\/www.brazilianpress.com\/v1\/wp-json\/wp\/v2\/posts\/51464\/revisions\/51466"}],"wp:featuredmedia":[{"embeddable":true,"href":"https:\/\/www.brazilianpress.com\/v1\/wp-json\/wp\/v2\/media\/51465"}],"wp:attachment":[{"href":"https:\/\/www.brazilianpress.com\/v1\/wp-json\/wp\/v2\/media?parent=51464"}],"wp:term":[{"taxonomy":"category","embeddable":true,"href":"https:\/\/www.brazilianpress.com\/v1\/wp-json\/wp\/v2\/categories?post=51464"},{"taxonomy":"post_tag","embeddable":true,"href":"https:\/\/www.brazilianpress.com\/v1\/wp-json\/wp\/v2\/tags?post=51464"}],"curies":[{"name":"wp","href":"https:\/\/api.w.org\/{rel}","templated":true}]}}