{"id":51467,"date":"2022-04-02T10:27:57","date_gmt":"2022-04-02T14:27:57","guid":{"rendered":"https:\/\/www.brazilianpress.com\/v1\/?p=51467"},"modified":"2022-04-02T10:27:57","modified_gmt":"2022-04-02T14:27:57","slug":"new-jersey-a-partir-de-4-de-maio-supermercados-proibidos-de-disponibilizar-sacolas-plasticas","status":"publish","type":"post","link":"https:\/\/www.brazilianpress.com\/v1\/2022\/04\/02\/new-jersey-a-partir-de-4-de-maio-supermercados-proibidos-de-disponibilizar-sacolas-plasticas\/","title":{"rendered":"New Jersey: A partir de 4 de maio supermercados proibidos de disponibilizar sacolas pl\u00e1sticas"},"content":{"rendered":"<p><strong>Falta pouco mais de um m\u00eas para o in\u00edcio de uma regra que mudar\u00e1 para sempre os h\u00e1bitos de compras da maioria dos consumidores de New Jersey. A partir de 4 de maio, nenhum varejista ou prestador de servi\u00e7os de alimenta\u00e7\u00e3o poder\u00e1 dar ou vender sacolas pl\u00e1sticas descart\u00e1veis. Sacos de papel tamb\u00e9m ser\u00e3o proibidos em supermercados maiores.<\/strong><\/p>\n<p>A lei foi assinada pelo governador Phil Murphy em novembro de 2020, dando \u00e0s empresas e moradores 18 meses para se prepararem para a grande mudan\u00e7a.<\/p>\n<p>Os consumidores de Newa Jersey em geral parecem estar cientes de que a regra deve entrar em vigor este ano.<\/p>\n<p>Desde a assinatura da lei, grupos no Garden State t\u00eam incentivado os compradores a estocar sacolas reutiliz\u00e1veis, para que n\u00e3o sejam surpreendidos por custos ou atrasos quando a regra entrar em vigor.<\/p>\n<p>A proibi\u00e7\u00e3o impede que as empresas distribuam sacolas pl\u00e1sticas, assim como sacolas de papel em supermercados com mais de 2.500 p\u00e9s quadrados, \u00a0mas n\u00e3o impede os compradores de levar suas pr\u00f3prias sacolas de uso \u00fanico para as lojas. Essa \u00e9 a gra\u00e7a salvadora da lei para os compradores que se recusam a mudar totalmente para outros materiais.<\/p>\n<p>&#8220;N\u00e3o importa para mim, porque tenho um saco de sacolas embaixo da pia da cozinha que vai durar uma d\u00e9cada&#8221;, disse Deb Davis de Edson.\u00a0 Eliminar as sacolas pl\u00e1sticas de uso \u00fanico, de acordo com Ken Schnatter, morador de South Brunswick, n\u00e3o faz muito pelo mundo em que vivemos se as substituirmos por sacolas mais pesadas que exigem mais energia e esfor\u00e7o para serem produzidas.<\/p>\n","protected":false},"excerpt":{"rendered":"<p>Falta pouco mais de um m\u00eas para o in\u00edcio de uma regra que mudar\u00e1 para sempre os h\u00e1bitos de compras da maioria dos consumidores de New Jersey. A partir de 4 de maio, nenhum varejista ou prestador de servi\u00e7os de alimenta\u00e7\u00e3o poder\u00e1 dar ou vender sacolas pl\u00e1sticas descart\u00e1veis. Sacos de papel tamb\u00e9m ser\u00e3o proibidos em supermercados maiores. A lei foi assinada pelo governador Phil Murphy em novembro de 2020, dando \u00e0s empresas e moradores 18 meses para se prepararem para a grande mudan\u00e7a. Os consumidores de Newa Jersey em geral parecem estar cientes de que a regra deve entrar em [&hellip;]<\/p>\n","protected":false},"author":1,"featured_media":51468,"comment_status":"open","ping_status":"closed","sticky":false,"template":"","format":"standard","meta":{"_links_to":"","_links_to_target":""},"categories":[4,1],"tags":[],"views":773,"_links":{"self":[{"href":"https:\/\/www.brazilianpress.com\/v1\/wp-json\/wp\/v2\/posts\/51467"}],"collection":[{"href":"https:\/\/www.brazilianpress.com\/v1\/wp-json\/wp\/v2\/posts"}],"about":[{"href":"https:\/\/www.brazilianpress.com\/v1\/wp-json\/wp\/v2\/types\/post"}],"author":[{"embeddable":true,"href":"https:\/\/www.brazilianpress.com\/v1\/wp-json\/wp\/v2\/users\/1"}],"replies":[{"embeddable":true,"href":"https:\/\/www.brazilianpress.com\/v1\/wp-json\/wp\/v2\/comments?post=51467"}],"version-history":[{"count":1,"href":"https:\/\/www.brazilianpress.com\/v1\/wp-json\/wp\/v2\/posts\/51467\/revisions"}],"predecessor-version":[{"id":51469,"href":"https:\/\/www.brazilianpress.com\/v1\/wp-json\/wp\/v2\/posts\/51467\/revisions\/51469"}],"wp:featuredmedia":[{"embeddable":true,"href":"https:\/\/www.brazilianpress.com\/v1\/wp-json\/wp\/v2\/media\/51468"}],"wp:attachment":[{"href":"https:\/\/www.brazilianpress.com\/v1\/wp-json\/wp\/v2\/media?parent=51467"}],"wp:term":[{"taxonomy":"category","embeddable":true,"href":"https:\/\/www.brazilianpress.com\/v1\/wp-json\/wp\/v2\/categories?post=51467"},{"taxonomy":"post_tag","embeddable":true,"href":"https:\/\/www.brazilianpress.com\/v1\/wp-json\/wp\/v2\/tags?post=51467"}],"curies":[{"name":"wp","href":"https:\/\/api.w.org\/{rel}","templated":true}]}}