{"id":51486,"date":"2022-04-02T10:45:52","date_gmt":"2022-04-02T14:45:52","guid":{"rendered":"https:\/\/www.brazilianpress.com\/v1\/?p=51486"},"modified":"2022-04-02T10:45:52","modified_gmt":"2022-04-02T14:45:52","slug":"presidente-biden-sanciona-lei-em-que-linchamento-e-crime-de-odio","status":"publish","type":"post","link":"https:\/\/www.brazilianpress.com\/v1\/2022\/04\/02\/presidente-biden-sanciona-lei-em-que-linchamento-e-crime-de-odio\/","title":{"rendered":"Presidente Biden sanciona lei em que linchamento \u00e9 crime de \u00f3dio"},"content":{"rendered":"<p><strong>O presidente dos Estados Unidos, Joe Biden, sancionou na ter\u00e7a-feira a primeira legisla\u00e7\u00e3o federal que torna o linchamento um crime de \u00f3dio, abordando um hist\u00f3rico de assassinatos racistas nos EUA, depois que o Senado aprovou o projeto neste m\u00eas.<\/strong><\/p>\n<p>A lei tem o nome de Emmett Till, um menino negro de 14 anos que foi brutalmente assassinado no Mississippi em 1955. A medida torna poss\u00edvel processar como linchamento qualquer conspira\u00e7\u00e3o para cometer um crime de \u00f3dio que resulte em morte ou les\u00e3o corporal grave.<\/p>\n<p>A morte de Till e o indeferimento de um j\u00fari todo branco das acusa\u00e7\u00f5es contra dois homens brancos que mais tarde confessaram o assassinato chamaram aten\u00e7\u00e3o nacional para as atrocidades e viol\u00eancia que os afro-americanos enfrentam nos Estados Unidos e se tornaram um grito de guerra dos direitos civis. Com a san\u00e7\u00e3o do projeto de lei, o presidente est\u00e1 abordando tanto &#8220;assuntos inacabados&#8221; quanto o &#8220;horror&#8221; na hist\u00f3ria dos EUA, disse a vice-presidente Kamala Harris na Casa Branca. Kamala, primeira vice-presidente negra e asi\u00e1tico-americana do pa\u00eds, copatrocinou o projeto enquanto servia como senadora pela Calif\u00f3rnia.<\/p>\n<p>&#8220;O linchamento n\u00e3o \u00e9 uma rel\u00edquia do passado. Atos raciais de terror ainda ocorrem em nossa na\u00e7\u00e3o. E quando isso acontecer, todos n\u00f3s precisamos ter a coragem de nome\u00e1-los e responsabilizar os culpados&#8221;, disse ela. Em agosto, o FBI disse que o n\u00famero de crimes de \u00f3dio nos Estados Unidos subiu no ano anterior para o n\u00edvel mais alto em mais de uma d\u00e9cada, impulsionado por um aumento nos ataques contra v\u00edtimas negras e de ascend\u00eancia asi\u00e1tica.<\/p>\n<p>Biden, cujo apoio dos eleitores negros ajudou a impulsion\u00e1-lo \u00e0 Presid\u00eancia, disse que a lei n\u00e3o trata apenas de lidar com crimes do passado. &#8220;\u00c9 sobre o presente e nosso futuro tamb\u00e9m&#8221;, disse ele, mencionando uma manifesta\u00e7\u00e3o de nacionalistas brancos na Virg\u00ednia em 2017. &#8220;O \u00f3dio racial n\u00e3o \u00e9 um problema antigo. \u00c9 um problema persistente.&#8221; O projeto foi aprovado no Senado por unanimidade e na C\u00e2mara dos Deputados por 422 votos a 3.<\/p>\n<p>&nbsp;<\/p>\n","protected":false},"excerpt":{"rendered":"<p>O presidente dos Estados Unidos, Joe Biden, sancionou na ter\u00e7a-feira a primeira legisla\u00e7\u00e3o federal que torna o linchamento um crime de \u00f3dio, abordando um hist\u00f3rico de assassinatos racistas nos EUA, depois que o Senado aprovou o projeto neste m\u00eas. A lei tem o nome de Emmett Till, um menino negro de 14 anos que foi brutalmente assassinado no Mississippi em 1955. A medida torna poss\u00edvel processar como linchamento qualquer conspira\u00e7\u00e3o para cometer um crime de \u00f3dio que resulte em morte ou les\u00e3o corporal grave. A morte de Till e o indeferimento de um j\u00fari todo branco das acusa\u00e7\u00f5es contra dois [&hellip;]<\/p>\n","protected":false},"author":1,"featured_media":47076,"comment_status":"open","ping_status":"closed","sticky":false,"template":"","format":"standard","meta":{"_links_to":"","_links_to_target":""},"categories":[3,1,10],"tags":[],"views":1074,"_links":{"self":[{"href":"https:\/\/www.brazilianpress.com\/v1\/wp-json\/wp\/v2\/posts\/51486"}],"collection":[{"href":"https:\/\/www.brazilianpress.com\/v1\/wp-json\/wp\/v2\/posts"}],"about":[{"href":"https:\/\/www.brazilianpress.com\/v1\/wp-json\/wp\/v2\/types\/post"}],"author":[{"embeddable":true,"href":"https:\/\/www.brazilianpress.com\/v1\/wp-json\/wp\/v2\/users\/1"}],"replies":[{"embeddable":true,"href":"https:\/\/www.brazilianpress.com\/v1\/wp-json\/wp\/v2\/comments?post=51486"}],"version-history":[{"count":1,"href":"https:\/\/www.brazilianpress.com\/v1\/wp-json\/wp\/v2\/posts\/51486\/revisions"}],"predecessor-version":[{"id":51487,"href":"https:\/\/www.brazilianpress.com\/v1\/wp-json\/wp\/v2\/posts\/51486\/revisions\/51487"}],"wp:featuredmedia":[{"embeddable":true,"href":"https:\/\/www.brazilianpress.com\/v1\/wp-json\/wp\/v2\/media\/47076"}],"wp:attachment":[{"href":"https:\/\/www.brazilianpress.com\/v1\/wp-json\/wp\/v2\/media?parent=51486"}],"wp:term":[{"taxonomy":"category","embeddable":true,"href":"https:\/\/www.brazilianpress.com\/v1\/wp-json\/wp\/v2\/categories?post=51486"},{"taxonomy":"post_tag","embeddable":true,"href":"https:\/\/www.brazilianpress.com\/v1\/wp-json\/wp\/v2\/tags?post=51486"}],"curies":[{"name":"wp","href":"https:\/\/api.w.org\/{rel}","templated":true}]}}