{"id":51502,"date":"2022-04-06T10:14:27","date_gmt":"2022-04-06T14:14:27","guid":{"rendered":"https:\/\/www.brazilianpress.com\/v1\/?p=51502"},"modified":"2022-04-06T10:14:40","modified_gmt":"2022-04-06T14:14:40","slug":"congresso-realizara-audiencia-sobre-o-titulo-42-restaurando-asilo-para-imigrantes","status":"publish","type":"post","link":"https:\/\/www.brazilianpress.com\/v1\/2022\/04\/06\/congresso-realizara-audiencia-sobre-o-titulo-42-restaurando-asilo-para-imigrantes\/","title":{"rendered":"Congresso realizar\u00e1 audi\u00eancia sobre o T\u00edtulo 42, restaurando asilo para imigrantes"},"content":{"rendered":"<p><strong>O subcomit\u00ea da C\u00e2mara sobre Seguran\u00e7a, Facilita\u00e7\u00e3o e Opera\u00e7\u00f5es de Fronteiras realizar\u00e1 uma audi\u00eancia sobre o T\u00edtulo 42 hoje \u00e0s 14h EDT. Haver\u00e1 um v\u00eddeo ao vivo na hora do evento .<\/strong><\/p>\n<p>Pessoas que testemunharam na audi\u00eancia incluem Aaron Reichlin-Melnick, conselho de pol\u00edtica s\u00eanior do Conselho de Imigra\u00e7\u00e3o Americano; Kennji Kizuka, diretor associado de pesquisa e an\u00e1lise para prote\u00e7\u00e3o de refugiados da Human Rights First; Adam Richards, professor associado de sa\u00fade global e medicina da Milken Institute School of Public Health e Mark Dannels, xerife do Condado de Cochise, Arizona.<\/p>\n<p>Como parte de seus esfor\u00e7os para reformular a fiscaliza\u00e7\u00e3o da imigra\u00e7\u00e3o nos EUA, concentrando-se no que considera alvos s\u00e9rios, o governo Biden autorizou os promotores de Imigra\u00e7\u00e3o e Alf\u00e2ndega a considerar a demiss\u00e3o de casos de imigrantes que n\u00e3o cruzaram a fronteira recentemente e n\u00e3o representam uma amea\u00e7a. \u00e0 seguran\u00e7a p\u00fablica. O mais recente desenvolvimento \u00e9 uma mudan\u00e7a da era Trump, onde todo imigrante indocumentado era tratado como prioridade para pris\u00e3o e remo\u00e7\u00e3o imediata. Os cr\u00edticos dizem que a medida est\u00e1 efetivamente dizendo \u00e0s autoridades de imigra\u00e7\u00e3o para n\u00e3o realizarem seus trabalhos. Enquanto isso, os a favor veem isso como uma maneira de reduzir os atrasos na imigra\u00e7\u00e3o e garantir um processo adicional para imigrantes sem advogados.<\/p>\n<p>Os procuradores gerais do Arizona, Missouri e Louisiana apresentaram uma queixa no tribunal federal da Louisiana contra o governo Biden por retirar a ordem de sa\u00fade p\u00fablica do T\u00edtulo 42. Eles alegam que o fim da pol\u00edtica de expuls\u00e3o r\u00e1pida levar\u00e1 a \u201ccaos e cat\u00e1strofes absolutos\u201d. O processo tamb\u00e9m observa que a rescis\u00e3o \u00e9 \u201cpol\u00edtica p\u00fablica incompreensivelmente ruim\u201d e \u201cprofundamente ilegal\u201d. Aqueles que se op\u00f5em ao T\u00edtulo 42 dizem que \u00e9 injusto, pois nega aos migrantes seus direitos legais e que a pol\u00edtica sempre foi cientificamente infundada \u2013 opini\u00f5es que especialistas p\u00fablicos do CDC tamb\u00e9m compartilharam antes e desde que a regra foi implementada.<\/p>\n","protected":false},"excerpt":{"rendered":"<p>O subcomit\u00ea da C\u00e2mara sobre Seguran\u00e7a, Facilita\u00e7\u00e3o e Opera\u00e7\u00f5es de Fronteiras realizar\u00e1 uma audi\u00eancia sobre o T\u00edtulo 42 hoje \u00e0s 14h EDT. Haver\u00e1 um v\u00eddeo ao vivo na hora do evento . Pessoas que testemunharam na audi\u00eancia incluem Aaron Reichlin-Melnick, conselho de pol\u00edtica s\u00eanior do Conselho de Imigra\u00e7\u00e3o Americano; Kennji Kizuka, diretor associado de pesquisa e an\u00e1lise para prote\u00e7\u00e3o de refugiados da Human Rights First; Adam Richards, professor associado de sa\u00fade global e medicina da Milken Institute School of Public Health e Mark Dannels, xerife do Condado de Cochise, Arizona. Como parte de seus esfor\u00e7os para reformular a fiscaliza\u00e7\u00e3o da [&hellip;]<\/p>\n","protected":false},"author":1,"featured_media":46756,"comment_status":"open","ping_status":"closed","sticky":false,"template":"","format":"standard","meta":{"_links_to":"","_links_to_target":""},"categories":[3,1,10],"tags":[],"views":946,"_links":{"self":[{"href":"https:\/\/www.brazilianpress.com\/v1\/wp-json\/wp\/v2\/posts\/51502"}],"collection":[{"href":"https:\/\/www.brazilianpress.com\/v1\/wp-json\/wp\/v2\/posts"}],"about":[{"href":"https:\/\/www.brazilianpress.com\/v1\/wp-json\/wp\/v2\/types\/post"}],"author":[{"embeddable":true,"href":"https:\/\/www.brazilianpress.com\/v1\/wp-json\/wp\/v2\/users\/1"}],"replies":[{"embeddable":true,"href":"https:\/\/www.brazilianpress.com\/v1\/wp-json\/wp\/v2\/comments?post=51502"}],"version-history":[{"count":2,"href":"https:\/\/www.brazilianpress.com\/v1\/wp-json\/wp\/v2\/posts\/51502\/revisions"}],"predecessor-version":[{"id":51504,"href":"https:\/\/www.brazilianpress.com\/v1\/wp-json\/wp\/v2\/posts\/51502\/revisions\/51504"}],"wp:featuredmedia":[{"embeddable":true,"href":"https:\/\/www.brazilianpress.com\/v1\/wp-json\/wp\/v2\/media\/46756"}],"wp:attachment":[{"href":"https:\/\/www.brazilianpress.com\/v1\/wp-json\/wp\/v2\/media?parent=51502"}],"wp:term":[{"taxonomy":"category","embeddable":true,"href":"https:\/\/www.brazilianpress.com\/v1\/wp-json\/wp\/v2\/categories?post=51502"},{"taxonomy":"post_tag","embeddable":true,"href":"https:\/\/www.brazilianpress.com\/v1\/wp-json\/wp\/v2\/tags?post=51502"}],"curies":[{"name":"wp","href":"https:\/\/api.w.org\/{rel}","templated":true}]}}