{"id":51505,"date":"2022-04-06T18:46:21","date_gmt":"2022-04-06T22:46:21","guid":{"rendered":"https:\/\/www.brazilianpress.com\/v1\/?p=51505"},"modified":"2022-04-06T18:46:21","modified_gmt":"2022-04-06T22:46:21","slug":"eficacia-da-vacina-da-pfizer-e-de-apenas-12-em-criancas-mostra-estudo","status":"publish","type":"post","link":"https:\/\/www.brazilianpress.com\/v1\/2022\/04\/06\/eficacia-da-vacina-da-pfizer-e-de-apenas-12-em-criancas-mostra-estudo\/","title":{"rendered":"Efic\u00e1cia da vacina da Pfizer \u00e9 de apenas 12% em crian\u00e7as, mostra estudo"},"content":{"rendered":"<p><strong>Um estudo publicado\u00a0pela Universidade Estadual de Nova Iorque informou que a vacina da Pfizer reduz apenas 12% dos casos de infec\u00e7\u00e3o pelo coronav\u00edrus em crian\u00e7as de 5 a 11 anos. A pesquisa analisou os casos de covid-19 entre dezembro de 2021 e janeiro de 2022 \u2014 per\u00edodo de surgimento da variante \u00d4micron.<\/strong><\/p>\n<p>A pesquisa sugere uma poss\u00edvel explica\u00e7\u00e3o para o resultado: a quantidade do produto injetado. Nos Estados Unidos, as crian\u00e7as de 5 a 11 anos recebem duas doses de 10 microgramas da vacina da Pfizer \u2014 menos que os adolescentes, em que a dose \u00e9 de 30 microgramas, a mesma aplicada em adultos.<\/p>\n<p>A redu\u00e7\u00e3o da dose infantil \u00e9 uma tentativa de minimizar poss\u00edveis efeitos colaterais do imunizante. \u201cA descoberta de uma efetividade marcantemente menor em crian\u00e7as de 11 anos, se comparadas com outras de 12 e 13 anos, a despeito de sua fisiologia similar, sugere que a dose mais baixa pode explicar a menor efetividade na faixa et\u00e1ria entre 5 e 11 anos\u201d, informa trecho do estudo.<\/p>\n<p>Conforme o levantamento, os 12% de efetividade da vacina s\u00e3o contra a infec\u00e7\u00e3o. Mas o estudo tamb\u00e9m constatou forte queda na prote\u00e7\u00e3o contra casos graves de covid-19, que caiu de 100% para 48%. J\u00e1 entre os adolescentes, que tomam a dose maior, essa queda n\u00e3o foi t\u00e3o intensa: de 95% para quase 75%. A pesquisa foi publicada no in\u00edcio do m\u00eas, em formato\u00a0preprint\u00a0\u2014 artigos n\u00e3o revisados por pares e que ainda n\u00e3o foram publicados em uma revista cient\u00edfica.<\/p>\n","protected":false},"excerpt":{"rendered":"<p>Um estudo publicado\u00a0pela Universidade Estadual de Nova Iorque informou que a vacina da Pfizer reduz apenas 12% dos casos de infec\u00e7\u00e3o pelo coronav\u00edrus em crian\u00e7as de 5 a 11 anos. A pesquisa analisou os casos de covid-19 entre dezembro de 2021 e janeiro de 2022 \u2014 per\u00edodo de surgimento da variante \u00d4micron. A pesquisa sugere uma poss\u00edvel explica\u00e7\u00e3o para o resultado: a quantidade do produto injetado. Nos Estados Unidos, as crian\u00e7as de 5 a 11 anos recebem duas doses de 10 microgramas da vacina da Pfizer \u2014 menos que os adolescentes, em que a dose \u00e9 de 30 microgramas, a [&hellip;]<\/p>\n","protected":false},"author":1,"featured_media":48538,"comment_status":"open","ping_status":"closed","sticky":false,"template":"","format":"standard","meta":{"_links_to":"","_links_to_target":""},"categories":[3,1,10],"tags":[],"views":790,"_links":{"self":[{"href":"https:\/\/www.brazilianpress.com\/v1\/wp-json\/wp\/v2\/posts\/51505"}],"collection":[{"href":"https:\/\/www.brazilianpress.com\/v1\/wp-json\/wp\/v2\/posts"}],"about":[{"href":"https:\/\/www.brazilianpress.com\/v1\/wp-json\/wp\/v2\/types\/post"}],"author":[{"embeddable":true,"href":"https:\/\/www.brazilianpress.com\/v1\/wp-json\/wp\/v2\/users\/1"}],"replies":[{"embeddable":true,"href":"https:\/\/www.brazilianpress.com\/v1\/wp-json\/wp\/v2\/comments?post=51505"}],"version-history":[{"count":1,"href":"https:\/\/www.brazilianpress.com\/v1\/wp-json\/wp\/v2\/posts\/51505\/revisions"}],"predecessor-version":[{"id":51506,"href":"https:\/\/www.brazilianpress.com\/v1\/wp-json\/wp\/v2\/posts\/51505\/revisions\/51506"}],"wp:featuredmedia":[{"embeddable":true,"href":"https:\/\/www.brazilianpress.com\/v1\/wp-json\/wp\/v2\/media\/48538"}],"wp:attachment":[{"href":"https:\/\/www.brazilianpress.com\/v1\/wp-json\/wp\/v2\/media?parent=51505"}],"wp:term":[{"taxonomy":"category","embeddable":true,"href":"https:\/\/www.brazilianpress.com\/v1\/wp-json\/wp\/v2\/categories?post=51505"},{"taxonomy":"post_tag","embeddable":true,"href":"https:\/\/www.brazilianpress.com\/v1\/wp-json\/wp\/v2\/tags?post=51505"}],"curies":[{"name":"wp","href":"https:\/\/api.w.org\/{rel}","templated":true}]}}