{"id":51517,"date":"2022-04-08T18:45:14","date_gmt":"2022-04-08T22:45:14","guid":{"rendered":"https:\/\/www.brazilianpress.com\/v1\/?p=51517"},"modified":"2022-04-08T18:45:14","modified_gmt":"2022-04-08T22:45:14","slug":"academia-decide-banir-will-smith-por-10-anos-do-oscar-apos-tapa-em-chris-rock","status":"publish","type":"post","link":"https:\/\/www.brazilianpress.com\/v1\/2022\/04\/08\/academia-decide-banir-will-smith-por-10-anos-do-oscar-apos-tapa-em-chris-rock\/","title":{"rendered":"Academia decide banir Will Smith por 10 anos do Oscar, ap\u00f3s tapa em Chris Rock"},"content":{"rendered":"<p><strong>Will Smith foi banido do Oscar por dez anos ap\u00f3s ter dado um tapa em Chris Rock na \u00faltima cerim\u00f4nia da maior premia\u00e7\u00e3o do cinema, no dia 27 de mar\u00e7o de 2022.<\/strong><\/p>\n<p>A decis\u00e3o foi divulgada pela Academia de Artes e Ci\u00eancias Cinematogr\u00e1ficas, nesta sexta-feira (8), depois de uma reuni\u00e3o do conselho de diretores. A institui\u00e7\u00e3o, inclusive, antecipou o encontro para discutir poss\u00edveis san\u00e7\u00f5es contra o ator.<\/p>\n<p><img src=\"https:\/\/variety.com\/wp-content\/uploads\/2022\/03\/Will-Smith-Oscars-03.jpg?w=681&amp;h=383&amp;crop=1\" alt=\"Academy Bans Will Smith From Oscars for 10 Years - Variety\" \/><\/p>\n<p>&#8220;O conselho decidiu, por um per\u00edodo de dez anos a partir de 8 de abril de 2022, que o sr. Smith n\u00e3o poder\u00e1 participar de nenhum evento ou programa da Academia, pessoalmente ou virtualmente, incluindo o Oscar mas n\u00e3o limitado a ele&#8221;, disseram o presidente David Rubin e o CEO Dawn Hudson em carta para os membros publicada pelo portal Deadline. &#8220;Tamb\u00e9m esperamos que isso possa dar in\u00edcio a um tempo de cura e restaura\u00e7\u00e3o a todos os envolvidos e impactados&#8221;, completaram.<\/p>\n<p>No dia 1\u00ba de abril, Will renunciou \u00e0 Academia e emitiu uma nota de desculpas a todos os envolvidos. &#8220;Estou me demitindo da Academia de Artes e Ci\u00eancias Cinematogr\u00e1ficas e aceitarei quaisquer outras consequ\u00eancias que o conselho considere apropriadas&#8221;, disse o ator, que era membro da Academia, em comunicado enviado \u00e0 revista Variety. O ator, que ganhou a estatueta pelo trabalho no filme King Richard: Criando Campe\u00e3s, tamb\u00e9m j\u00e1 tinha se desculpado com Chris Rock.<\/p>\n","protected":false},"excerpt":{"rendered":"<p>Will Smith foi banido do Oscar por dez anos ap\u00f3s ter dado um tapa em Chris Rock na \u00faltima cerim\u00f4nia da maior premia\u00e7\u00e3o do cinema, no dia 27 de mar\u00e7o de 2022. A decis\u00e3o foi divulgada pela Academia de Artes e Ci\u00eancias Cinematogr\u00e1ficas, nesta sexta-feira (8), depois de uma reuni\u00e3o do conselho de diretores. A institui\u00e7\u00e3o, inclusive, antecipou o encontro para discutir poss\u00edveis san\u00e7\u00f5es contra o ator. &#8220;O conselho decidiu, por um per\u00edodo de dez anos a partir de 8 de abril de 2022, que o sr. Smith n\u00e3o poder\u00e1 participar de nenhum evento ou programa da Academia, pessoalmente ou [&hellip;]<\/p>\n","protected":false},"author":1,"featured_media":51518,"comment_status":"open","ping_status":"closed","sticky":false,"template":"","format":"standard","meta":{"_links_to":"","_links_to_target":""},"categories":[3,1,10],"tags":[],"views":870,"_links":{"self":[{"href":"https:\/\/www.brazilianpress.com\/v1\/wp-json\/wp\/v2\/posts\/51517"}],"collection":[{"href":"https:\/\/www.brazilianpress.com\/v1\/wp-json\/wp\/v2\/posts"}],"about":[{"href":"https:\/\/www.brazilianpress.com\/v1\/wp-json\/wp\/v2\/types\/post"}],"author":[{"embeddable":true,"href":"https:\/\/www.brazilianpress.com\/v1\/wp-json\/wp\/v2\/users\/1"}],"replies":[{"embeddable":true,"href":"https:\/\/www.brazilianpress.com\/v1\/wp-json\/wp\/v2\/comments?post=51517"}],"version-history":[{"count":1,"href":"https:\/\/www.brazilianpress.com\/v1\/wp-json\/wp\/v2\/posts\/51517\/revisions"}],"predecessor-version":[{"id":51519,"href":"https:\/\/www.brazilianpress.com\/v1\/wp-json\/wp\/v2\/posts\/51517\/revisions\/51519"}],"wp:featuredmedia":[{"embeddable":true,"href":"https:\/\/www.brazilianpress.com\/v1\/wp-json\/wp\/v2\/media\/51518"}],"wp:attachment":[{"href":"https:\/\/www.brazilianpress.com\/v1\/wp-json\/wp\/v2\/media?parent=51517"}],"wp:term":[{"taxonomy":"category","embeddable":true,"href":"https:\/\/www.brazilianpress.com\/v1\/wp-json\/wp\/v2\/categories?post=51517"},{"taxonomy":"post_tag","embeddable":true,"href":"https:\/\/www.brazilianpress.com\/v1\/wp-json\/wp\/v2\/tags?post=51517"}],"curies":[{"name":"wp","href":"https:\/\/api.w.org\/{rel}","templated":true}]}}