{"id":51521,"date":"2022-04-09T09:43:43","date_gmt":"2022-04-09T13:43:43","guid":{"rendered":"https:\/\/www.brazilianpress.com\/v1\/?p=51521"},"modified":"2022-04-09T09:43:43","modified_gmt":"2022-04-09T13:43:43","slug":"senadores-americanos-apresentam-projetos-de-lei-sobre-expulsao-automatica-de-imigrantes","status":"publish","type":"post","link":"https:\/\/www.brazilianpress.com\/v1\/2022\/04\/09\/senadores-americanos-apresentam-projetos-de-lei-sobre-expulsao-automatica-de-imigrantes\/","title":{"rendered":"Senadores americanos apresentam projetos de lei sobre expuls\u00e3o autom\u00e1tica de imigrantes"},"content":{"rendered":"<p><strong>Senadores republicanos e democratas americanos apresentaram projetos para prolongar a lei que permite expulsar imediatamente os imigrantes ilegais e que ser\u00e1 rescindida pelo presidente Joe Biden em maio, segundo comunicados divulgados nesta quinta-feira (7).<\/strong><\/p>\n<p>No in\u00edcio de abril, o governo dos Estados Unidos anunciou que vai suspender esta regra conhecida como T\u00edtulo 42 e estabelecida durante o mandato de Donald Trump para frear o avan\u00e7o da covid-19, que permite a expuls\u00e3o autom\u00e1tica de adultos solteiros e fam\u00edlias que cruzem sem autoriza\u00e7\u00e3o as fronteiras terrestres dos Estados Unidos.<\/p>\n<p>Um dos projetos de lei, apresentados por dez senadores, entre eles Marco Rubio, pede que o T\u00edtulo 42 seja estendido at\u00e9 fevereiro de 2025. Os guardas fronteiri\u00e7os americanos realizaram 1,7 milh\u00e3o de pris\u00f5es de imigrantes na fronteira com o M\u00e9xico desde 1\u00ba de outubro de 2020 at\u00e9 30 de setembro de 2021. Este \u00e9 o maior n\u00famero de travessias ilegais registrados at\u00e9 agora, e quatro vezes o total contabilizado no \u00faltimo ano de Trump na Casa Branca, quando os n\u00fameros diminu\u00edram em parte devido \u00e0 pandemia.<\/p>\n<p><img src=\"https:\/\/conteudo.imguol.com.br\/c\/noticias\/f1\/2022\/01\/20\/capitolio-dos-eua-onde-fica-o-senado-e-a-camara-dos-representantes-dos-eua-1642712721987_v2_900x506.jpg\" alt=\"Capit\u00f3lio dos EUA onde fica o Senado e a C\u00e2mara dos Representantes dos EUA - Drew Angerer\/Getty Images\/AFP\" \/><\/p>\n<p>&#8220;Rescindir o T\u00edtulo 42 pode ser o maior erro de Biden at\u00e9 agora&#8221;, porque &#8220;abre nossas fronteiras e convida uma onda enorme de imigra\u00e7\u00e3o ilegal, provavelmente a maior na hist\u00f3ria dos Estados Unidos, que infligir\u00e1 uma crise duradoura e evit\u00e1vel&#8221;, afirmou Rubio em comunicado. &#8220;Preservar o T\u00edtulo 42 \u00e9 a melhor maneira de garantir a seguran\u00e7a em nossa fronteira sul&#8221;, indicou o senador Jim Risch. Rubio e outros senadores tamb\u00e9m enviaram uma carta ao secret\u00e1rio do Departamento de Seguran\u00e7a Nacional (DHS), Alejandro Mayorkas, para criticar a decis\u00e3o, que classificam como &#8220;perigosa e imprudente&#8221;.<\/p>\n<p><strong>T\u00edtulo 42<\/strong><\/p>\n<p>Outro projeto de lei, bipartid\u00e1rio, prop\u00f5e adiar a rescis\u00e3o do T\u00edtulo 42 para que o governo &#8220;se coordene e comunique com as comunidades fronteiri\u00e7as e estabele\u00e7a um plano integral e vi\u00e1vel&#8221;, segundo um comunicado da senadora democrata Kyrsten Sinema, do estado de Arizona. &#8220;Intervimos e protegemos as comunidades fronteiri\u00e7as garantindo que a administra\u00e7\u00e3o trabalhe das m\u00e3os com os l\u00edderes locais, as for\u00e7as de ordem p\u00fablico e as organiza\u00e7\u00f5es sem fins de lucro para estabelecer um enfoque integral&#8221;, indicou. Este projeto legislativo, apresentado por onze senadores, impediria que o governo ponha fim ao T\u00edtulo 42 at\u00e9 pelo menos 60 dias depois de finalizar a declara\u00e7\u00e3o de emerg\u00eancia nacional por covid-19. Uma vez finalizada, o Departamento de Seguran\u00e7a Nacional teria 30 dias para apresentar o Congresso &#8220;um plano para abordar os impactos da aflu\u00eancia de imigrantes posterior ao T\u00edtulo 42&#8221;.<\/p>\n","protected":false},"excerpt":{"rendered":"<p>Senadores republicanos e democratas americanos apresentaram projetos para prolongar a lei que permite expulsar imediatamente os imigrantes ilegais e que ser\u00e1 rescindida pelo presidente Joe Biden em maio, segundo comunicados divulgados nesta quinta-feira (7). No in\u00edcio de abril, o governo dos Estados Unidos anunciou que vai suspender esta regra conhecida como T\u00edtulo 42 e estabelecida durante o mandato de Donald Trump para frear o avan\u00e7o da covid-19, que permite a expuls\u00e3o autom\u00e1tica de adultos solteiros e fam\u00edlias que cruzem sem autoriza\u00e7\u00e3o as fronteiras terrestres dos Estados Unidos. Um dos projetos de lei, apresentados por dez senadores, entre eles Marco Rubio, [&hellip;]<\/p>\n","protected":false},"author":1,"featured_media":50842,"comment_status":"open","ping_status":"closed","sticky":false,"template":"","format":"standard","meta":{"_links_to":"","_links_to_target":""},"categories":[4,3,1],"tags":[],"views":1037,"_links":{"self":[{"href":"https:\/\/www.brazilianpress.com\/v1\/wp-json\/wp\/v2\/posts\/51521"}],"collection":[{"href":"https:\/\/www.brazilianpress.com\/v1\/wp-json\/wp\/v2\/posts"}],"about":[{"href":"https:\/\/www.brazilianpress.com\/v1\/wp-json\/wp\/v2\/types\/post"}],"author":[{"embeddable":true,"href":"https:\/\/www.brazilianpress.com\/v1\/wp-json\/wp\/v2\/users\/1"}],"replies":[{"embeddable":true,"href":"https:\/\/www.brazilianpress.com\/v1\/wp-json\/wp\/v2\/comments?post=51521"}],"version-history":[{"count":1,"href":"https:\/\/www.brazilianpress.com\/v1\/wp-json\/wp\/v2\/posts\/51521\/revisions"}],"predecessor-version":[{"id":51522,"href":"https:\/\/www.brazilianpress.com\/v1\/wp-json\/wp\/v2\/posts\/51521\/revisions\/51522"}],"wp:featuredmedia":[{"embeddable":true,"href":"https:\/\/www.brazilianpress.com\/v1\/wp-json\/wp\/v2\/media\/50842"}],"wp:attachment":[{"href":"https:\/\/www.brazilianpress.com\/v1\/wp-json\/wp\/v2\/media?parent=51521"}],"wp:term":[{"taxonomy":"category","embeddable":true,"href":"https:\/\/www.brazilianpress.com\/v1\/wp-json\/wp\/v2\/categories?post=51521"},{"taxonomy":"post_tag","embeddable":true,"href":"https:\/\/www.brazilianpress.com\/v1\/wp-json\/wp\/v2\/tags?post=51521"}],"curies":[{"name":"wp","href":"https:\/\/api.w.org\/{rel}","templated":true}]}}