{"id":51532,"date":"2022-04-13T10:15:28","date_gmt":"2022-04-13T14:15:28","guid":{"rendered":"https:\/\/www.brazilianpress.com\/v1\/?p=51532"},"modified":"2022-04-13T10:15:28","modified_gmt":"2022-04-13T14:15:28","slug":"numero-de-brasileiros-em-portugal-nunca-foi-tao-alto-segundo-embaixada-portuguesa","status":"publish","type":"post","link":"https:\/\/www.brazilianpress.com\/v1\/2022\/04\/13\/numero-de-brasileiros-em-portugal-nunca-foi-tao-alto-segundo-embaixada-portuguesa\/","title":{"rendered":"N\u00famero de brasileiros em Portugal nunca foi t\u00e3o alto, segundo Embaixada Portuguesa"},"content":{"rendered":"<p><strong>O n\u00famero de brasileiros morando em Portugal nunca foi t\u00e3o alto. \u00c9 o que aponta um levantamento exclusivo feito pela equipe da CNN, com base em dados cedidos pelo Servi\u00e7o de Estrangeiros e Fronteiras (SEF), da Embaixada Portuguesa. Em sua maioria, a idade dos brasileiros em territ\u00f3rio portugu\u00eas varia entre 20 e 49 anos.<\/strong><\/p>\n<p>As informa\u00e7\u00f5es oficiais d\u00e3o conta que da imigra\u00e7\u00e3o de brasileiros ao pa\u00eds europeu cresce h\u00e1 seis anos consecutivos e atingiu a marca de 211 mil pessoas em mar\u00e7o de 2022. Os dados do SEF mostram que o n\u00famero de brasileiros em Portugal mais que dobrou desde 2016. Atualmente, a comunidade brasileira representa quase 30% de todos os estrangeiros em situa\u00e7\u00e3o regular no pa\u00eds. Esse n\u00famero, no entanto, pode ser ainda maior. Isso porque os brasileiros com dupla cidadania n\u00e3o s\u00e3o contabilizados pela base de dados do SEF. Pessoas em situa\u00e7\u00e3o migrat\u00f3ria irregular no pa\u00eds tamb\u00e9m ficam de fora das estat\u00edsticas. E de acordo com a \u00faltima estimativa do Itamaraty, cerca de 300 mil brasileiros vivem no pa\u00eds europeu.<\/p>\n<p><img src=\"https:\/\/www.cnnbrasil.com.br\/wp-content\/uploads\/sites\/12\/2021\/10\/paulo-evangelista-2N0PVuB0byQ-unsplash.jpg?w=876&amp;h=484&amp;crop=1\" \/><\/p>\n<p><strong>Brasileiros residentes em Portugal ao longo dos \u00faltimos anos:<\/strong><\/p>\n<p>2022: 211.958<br \/>\n2021: 209.558<br \/>\n2020: 183.993<br \/>\n2019: 151.304<br \/>\n2018: 105.423<br \/>\n2017: 85.425<br \/>\n2016: 81.251<\/p>\n<p>Especialista ouvido pela CNN afirma que a instabilidade econ\u00f4mica do Brasil estimulou a imigra\u00e7\u00e3o ao longo dos \u00faltimos anos. De acordo com o economista e professor de finan\u00e7as da Funda\u00e7\u00e3o Get\u00falio Vargas (FGV), Pierre Souza, a ida de brasileiros a Portugal acontece em um momento de dificuldades na economia brasileira. \u201cS\u00e3o dois fatores econ\u00f4micos que t\u00eam rela\u00e7\u00e3o com a imigra\u00e7\u00e3o de brasileiros para outro pa\u00eds. O primeiro \u00e9 o desemprego, que apresenta taxas superiores a 10% desde o in\u00edcio de 2016. \u00c9 um movimento natural, com mais desocupa\u00e7\u00f5es no Brasil, invariavelmente as pessoas buscam alternativas l\u00e1 fora. O outro ponto que tem rela\u00e7\u00e3o \u00e9 o Produto Interno Bruno (PIB), que mostra a temperatura da economia brasileira. E esse quesito tamb\u00e9m n\u00e3o \u00e9 positivo no pa\u00eds h\u00e1 alguns anos\u201d, disse. Pierre Souza destaca tamb\u00e9m que a imigra\u00e7\u00e3o para Portugal retrata um cen\u00e1rio ainda mais preocupante: a desconfian\u00e7a dos brasileiros com o futuro do pa\u00eds. \u201cPodemos afirmar que \u00e9 conjunto de fatores que fazem uma pessoa sair do Brasil para outro pa\u00eds. E podemos dizer tamb\u00e9m que claramente isso \u00e9 uma decis\u00e3o a longo prazo, ou seja, diz muito sobre a expectativa e a confian\u00e7a das pessoas no futuro do pa\u00eds\u201d, destaca o economista. \/\/ CNN Brasil.<\/p>\n","protected":false},"excerpt":{"rendered":"<p>O n\u00famero de brasileiros morando em Portugal nunca foi t\u00e3o alto. \u00c9 o que aponta um levantamento exclusivo feito pela equipe da CNN, com base em dados cedidos pelo Servi\u00e7o de Estrangeiros e Fronteiras (SEF), da Embaixada Portuguesa. Em sua maioria, a idade dos brasileiros em territ\u00f3rio portugu\u00eas varia entre 20 e 49 anos. As informa\u00e7\u00f5es oficiais d\u00e3o conta que da imigra\u00e7\u00e3o de brasileiros ao pa\u00eds europeu cresce h\u00e1 seis anos consecutivos e atingiu a marca de 211 mil pessoas em mar\u00e7o de 2022. Os dados do SEF mostram que o n\u00famero de brasileiros em Portugal mais que dobrou desde [&hellip;]<\/p>\n","protected":false},"author":1,"featured_media":51533,"comment_status":"open","ping_status":"closed","sticky":false,"template":"","format":"standard","meta":{"_links_to":"","_links_to_target":""},"categories":[3,8,1],"tags":[],"views":1038,"_links":{"self":[{"href":"https:\/\/www.brazilianpress.com\/v1\/wp-json\/wp\/v2\/posts\/51532"}],"collection":[{"href":"https:\/\/www.brazilianpress.com\/v1\/wp-json\/wp\/v2\/posts"}],"about":[{"href":"https:\/\/www.brazilianpress.com\/v1\/wp-json\/wp\/v2\/types\/post"}],"author":[{"embeddable":true,"href":"https:\/\/www.brazilianpress.com\/v1\/wp-json\/wp\/v2\/users\/1"}],"replies":[{"embeddable":true,"href":"https:\/\/www.brazilianpress.com\/v1\/wp-json\/wp\/v2\/comments?post=51532"}],"version-history":[{"count":1,"href":"https:\/\/www.brazilianpress.com\/v1\/wp-json\/wp\/v2\/posts\/51532\/revisions"}],"predecessor-version":[{"id":51534,"href":"https:\/\/www.brazilianpress.com\/v1\/wp-json\/wp\/v2\/posts\/51532\/revisions\/51534"}],"wp:featuredmedia":[{"embeddable":true,"href":"https:\/\/www.brazilianpress.com\/v1\/wp-json\/wp\/v2\/media\/51533"}],"wp:attachment":[{"href":"https:\/\/www.brazilianpress.com\/v1\/wp-json\/wp\/v2\/media?parent=51532"}],"wp:term":[{"taxonomy":"category","embeddable":true,"href":"https:\/\/www.brazilianpress.com\/v1\/wp-json\/wp\/v2\/categories?post=51532"},{"taxonomy":"post_tag","embeddable":true,"href":"https:\/\/www.brazilianpress.com\/v1\/wp-json\/wp\/v2\/tags?post=51532"}],"curies":[{"name":"wp","href":"https:\/\/api.w.org\/{rel}","templated":true}]}}