{"id":51571,"date":"2022-04-14T19:44:10","date_gmt":"2022-04-14T23:44:10","guid":{"rendered":"https:\/\/www.brazilianpress.com\/v1\/?p=51571"},"modified":"2022-04-14T19:44:10","modified_gmt":"2022-04-14T23:44:10","slug":"idolo-colombiano-freddy-rincon-morre-aos-55-anos","status":"publish","type":"post","link":"https:\/\/www.brazilianpress.com\/v1\/2022\/04\/14\/idolo-colombiano-freddy-rincon-morre-aos-55-anos\/","title":{"rendered":"\u00cddolo colombiano Freddy Rinc\u00f3n morre aos 55 anos"},"content":{"rendered":"<p><strong>O ex-jogador colombiano Freddy Rinc\u00f3n morreu no fim da noite desta quarta-feira em Cali (j\u00e1 in\u00edcio da madrugada de quinta pelo hor\u00e1rio de Bras\u00edlia) v\u00edtima de um grave acidente na cidade colombiana. A confirma\u00e7\u00e3o do falecimento veio atrav\u00e9s de uma coletiva de imprensa na cl\u00ednica onde o ex-jogador estava internado.<\/strong><\/p>\n<p>&#8211; A Cl\u00ednica Imbanaco, com pr\u00e9via autoriza\u00e7\u00e3o e em companhia dos familiares, se permite informar \u00e0 opini\u00e3o p\u00fablica que, apesar de todos os esfor\u00e7os realizados por nosso corpo m\u00e9dico e assistencial, o paciente Freddy Eusebio Rinc\u00f3n Valencia faleceu no dia de hoje 13 de abril de 2022. Lamentamos profundamente este sens\u00edvel acontecimento, enquanto estendemos nossas mais profundas condol\u00eancias \u00e0 fam\u00edlia, amigos, parentes e seguidores. Jamais haver\u00e1 forma de expressar o que isto significa realmente para n\u00f3s. Convidamos a todo o pa\u00eds a record\u00e1-lo com alegria por tudo o que nos brindou em vida com suas conquistas desportivas.<\/p>\n<p>O carro dirigido pelo ex-meia do Corinthians e Palmeiras foi atingido por um \u00f4nibus na madrugada da \u00faltima segunda-feira. Com traumatismo craniano,\u00a0Rinc\u00f3n chegou a ser operado, mas n\u00e3o resistiu.<\/p>\n<p>Freddy Eus\u00e9bio Gustavo Rinc\u00f3n Valencia nasceu na cidade de Buenaventura, Col\u00f4mbia, em 14 de agosto de 1966. Come\u00e7ou a jogar futebol no Atl\u00e9tico Buenaventura, clube pequeno de sua cidade natal. De l\u00e1, rumou para o Deportes Tolima e depois ganhou o mundo. Quando ainda atuava no pa\u00eds, fez dois gols na hist\u00f3rica goleada da Col\u00f4mbia sobre a Argentina por 5 a 0, no Monumental de N\u00fa\u00f1ez, nas Eliminat\u00f3rias da Copa de 1994.<\/p>\n<p>Sua primeira experi\u00eancia fora da Col\u00f4mbia foi no Palmeiras, ao qual chegou no in\u00edcio de 1994, j\u00e1 como uma estrela da sele\u00e7\u00e3o de seu pa\u00eds. Destacou-se no t\u00edtulo paulista daquele ano ao lado de nomes como Roberto Carlos, C\u00e9sar Sampaio, Zinho, Ed\u00edlson, Edmundo e Evair. Seis meses depois da chegada, durante a parada para a Copa do Mundo, transferiu-se para o Napoli.<\/p>\n<p>Um ano depois, chegou ao todo-poderoso Real Madrid, mas n\u00e3o obteve o mesmo sucesso na Espanha e voltou ao Palmeiras no meio de 1996. Ao todo, fez 76 jogos e 22 gols pelo Verd\u00e3o.<\/p>\n<p>&#8211;:&#8211;\/&#8211;:&#8211;<\/p>\n<p>Em 1997, o Corinthians colocou a m\u00e3o no bolso e investiu na compra do colombiano por cerca de US$ 1,3 milh\u00e3o. Rinc\u00f3n, que era meia, virou volante e se tornou um dos maiores da hist\u00f3ria do clube.<\/p>\n<p>Ao lado de Vampeta, formou dupla inesquec\u00edvel. O quarteto de meio-campo, que contava ainda com Ricardinho e Marcelinho Carioca, se eternizou. Eles foram bicampe\u00f5es brasileiros (1998\/99), venceram o Paulist\u00e3o de 99 e o Mundial de Clubes de 2000. R\u00edncon, capit\u00e3o da equipe, ergueu a ta\u00e7a do mundo.<\/p>\n<p>Pouco depois, recebeu uma \u00f3tima oferta salarial do Santos e trocou o Corinthians pelo Peixe, num per\u00edodo sem t\u00edtulos. Atuaria ainda pelo Cruzeiro, em 2001, antes de voltar ao Tim\u00e3o em 2004, aos 37, para uma passagem apagada. Fez 158 jogos no Corinthians e 11 gols.<\/p>\n<p>Tamb\u00e9m trabalhou no Brasil como treinador e chegou a comandar S\u00e3o Bento, S\u00e3o Jos\u00e9, Iraty e Flamengo-SP entre 2006 e 2011. Nesse per\u00edodo, tamb\u00e9m foi\u00a0t\u00e9cnico das categorias de base do Corinthians\u00a0e Atl\u00e9tico-MG.<\/p>\n<p>Na sele\u00e7\u00e3o colombiana, marcou 17 gols em 84 partidas. Disputou tr\u00eas Copas do Mundo: 90, 94 e 98. Com personalidade forte, Rinc\u00f3n ficou marcado pelo perfil de lideran\u00e7a e foi capit\u00e3o em diversos times durante a carreira.<\/p>\n","protected":false},"excerpt":{"rendered":"<p>O ex-jogador colombiano Freddy Rinc\u00f3n morreu no fim da noite desta quarta-feira em Cali (j\u00e1 in\u00edcio da madrugada de quinta pelo hor\u00e1rio de Bras\u00edlia) v\u00edtima de um grave acidente na cidade colombiana. A confirma\u00e7\u00e3o do falecimento veio atrav\u00e9s de uma coletiva de imprensa na cl\u00ednica onde o ex-jogador estava internado. &#8211; A Cl\u00ednica Imbanaco, com pr\u00e9via autoriza\u00e7\u00e3o e em companhia dos familiares, se permite informar \u00e0 opini\u00e3o p\u00fablica que, apesar de todos os esfor\u00e7os realizados por nosso corpo m\u00e9dico e assistencial, o paciente Freddy Eusebio Rinc\u00f3n Valencia faleceu no dia de hoje 13 de abril de 2022. Lamentamos profundamente este [&hellip;]<\/p>\n","protected":false},"author":1,"featured_media":51572,"comment_status":"open","ping_status":"closed","sticky":false,"template":"","format":"standard","meta":{"_links_to":"","_links_to_target":""},"categories":[9,1],"tags":[],"views":1177,"_links":{"self":[{"href":"https:\/\/www.brazilianpress.com\/v1\/wp-json\/wp\/v2\/posts\/51571"}],"collection":[{"href":"https:\/\/www.brazilianpress.com\/v1\/wp-json\/wp\/v2\/posts"}],"about":[{"href":"https:\/\/www.brazilianpress.com\/v1\/wp-json\/wp\/v2\/types\/post"}],"author":[{"embeddable":true,"href":"https:\/\/www.brazilianpress.com\/v1\/wp-json\/wp\/v2\/users\/1"}],"replies":[{"embeddable":true,"href":"https:\/\/www.brazilianpress.com\/v1\/wp-json\/wp\/v2\/comments?post=51571"}],"version-history":[{"count":2,"href":"https:\/\/www.brazilianpress.com\/v1\/wp-json\/wp\/v2\/posts\/51571\/revisions"}],"predecessor-version":[{"id":51574,"href":"https:\/\/www.brazilianpress.com\/v1\/wp-json\/wp\/v2\/posts\/51571\/revisions\/51574"}],"wp:featuredmedia":[{"embeddable":true,"href":"https:\/\/www.brazilianpress.com\/v1\/wp-json\/wp\/v2\/media\/51572"}],"wp:attachment":[{"href":"https:\/\/www.brazilianpress.com\/v1\/wp-json\/wp\/v2\/media?parent=51571"}],"wp:term":[{"taxonomy":"category","embeddable":true,"href":"https:\/\/www.brazilianpress.com\/v1\/wp-json\/wp\/v2\/categories?post=51571"},{"taxonomy":"post_tag","embeddable":true,"href":"https:\/\/www.brazilianpress.com\/v1\/wp-json\/wp\/v2\/tags?post=51571"}],"curies":[{"name":"wp","href":"https:\/\/api.w.org\/{rel}","templated":true}]}}