{"id":51641,"date":"2022-04-25T11:43:57","date_gmt":"2022-04-25T15:43:57","guid":{"rendered":"https:\/\/www.brazilianpress.com\/v1\/?p=51641"},"modified":"2022-04-25T11:43:57","modified_gmt":"2022-04-25T15:43:57","slug":"programa-do-reino-unido-de-deportacao-de-imigrantes-para-ruanda-e-considerado-racista","status":"publish","type":"post","link":"https:\/\/www.brazilianpress.com\/v1\/2022\/04\/25\/programa-do-reino-unido-de-deportacao-de-imigrantes-para-ruanda-e-considerado-racista\/","title":{"rendered":"Programa do Reino Unido, de deporta\u00e7\u00e3o de imigrantes para Ruanda, \u00e9 considerado &#8220;racista&#8221;"},"content":{"rendered":"<p><strong>Em uma das decis\u00f5es mais controversas de toda sua administra\u00e7\u00e3o, o primeiro-ministro brit\u00e2nico Boris Johnson assinou, na semana passada, um plano para enviar a Ruanda todos os imigrantes que cruzarem o Canal da Mancha sem documenta\u00e7\u00e3o de entrada para o Reino Unido.<\/strong><\/p>\n<p>A nova pol\u00edtica \u00e9 baseada em acordo de 120 milh\u00f5es de libras, equivalentes a 738 milh\u00f5es de reais, firmado com o governo do pa\u00eds africano para a \u201cintegra\u00e7\u00e3o\u201d de imigrantes, e rapidamente causou intensa rea\u00e7\u00e3o da oposi\u00e7\u00e3o, que acusou o governo Johnson de tratar os refugiados de forma racista, desumana e cruel \u2013 para a ministra do Interior do Gabinete paralelo da oposi\u00e7\u00e3o trabalhista, Yvette Cooper, o plano \u00e9 \u201cimpratic\u00e1vel, anti\u00e9tico e extorsivo\u201d.<\/p>\n<p><img src=\"https:\/\/www.hypeness.com.br\/1\/2022\/04\/77203abd-edit_uk_ruanda_flickr_3.jpg\" alt=\"Boris Johnson em encontro com Paul Kagame, presidente de Ruanda\" \/><\/p>\n<p>Segundo o primeiro-ministro, a pol\u00edtica visa combater organiza\u00e7\u00f5es criminosas que praticam tr\u00e1fico humano, impedindo tamb\u00e9m que pessoas coloquem a pr\u00f3pria vida em risco para realizar ilegalmente a travessia, mas especialistas enxergam a medida como um aceno extremo ao eleitorado conservador do pa\u00eds, que elegeu Johnson, e que costuma se opor \u00e0s pol\u00edticas de imigra\u00e7\u00e3o.<\/p>\n<p>\u201cEsse problema atormenta nosso pa\u00eds h\u00e1 muito tempo e j\u00e1 causou muito sofrimento e trag\u00e9dia\u201d, afirmou o primeiro-ministro, em discurso realizado Kent, no sudeste da Inglaterra. \u201cEste \u00e9 o governo que se recusa a se esquivar das decis\u00f5es dif\u00edceis\u201d, concluiu. No ano passado, aproximadamente 28 mil entraram ilegalmente realizando a perigosa travessia.<\/p>\n<p><img src=\"https:\/\/www.hypeness.com.br\/1\/2022\/04\/6b0fff7d-edit_uk_ruanda_gettyimages-1200757178.jpg\" alt=\"Manifesta\u00e7\u00e3o em frente ao parlamento, em Londres, em defesa das crian\u00e7as imigrantes\" \/><\/p>\n<p>A pol\u00edtica foi definida pelo Conselho de Refugiados do pa\u00eds como \u201ccruel e degradante\u201d, acusando a decis\u00e3o de tratar os imigrantes como \u201cn\u00e3o mais do que carga humana a ser enviada para outro lugar\u201d.<\/p>\n<p>Para a Anistia Internacional, a pol\u00edtica anunciada por Johnson \u00e9 \u201cuma ideia chocantemente mal concebida\u201d capaz de \u201ccausar sofrimento e desperdi\u00e7ar enormes somas de dinheiro publico\u201d \u2013 al\u00e9m do investimento em Ruanda, a medida ter\u00e1 um custo adicional m\u00ednimo de 50 milh\u00f5es de libras, equivalente a cerca de 306 milh\u00f5es de reais, para a contrata\u00e7\u00e3o de novo pessoal e mais material, como helic\u00f3pteros, drones e aeronaves pela Marinha brit\u00e2nica.<\/p>\n<p>Boris Johnson n\u00e3o determinou como nem quando a pol\u00edtica ser\u00e1 posta em pr\u00e1tica, e admitiu que enfrentar\u00e1 obst\u00e1culos legais e pol\u00edticos, bem como forte oposi\u00e7\u00e3o e resist\u00eancia para realizar o plano \u2013 que, segundo o primeiro-ministro, visa garantir o caminho da legalidade e seguran\u00e7a como \u00fanico meio para se entrar no pa\u00eds.<\/p>\n<p><img src=\"https:\/\/www.hypeness.com.br\/1\/2022\/04\/741b4edf-edit_uk_ruanda_gettyimages-1330091155.jpg\" alt=\"Imigrantes cruzando o Canal da Mancha em um pequeno bote no ano passado\" \/><\/p>\n<p>\u201cAqueles que tentam pular a fila ou abusar de nossos sistemas n\u00e3o encontrar\u00e3o um caminho autom\u00e1tico para se instalar em nosso pa\u00eds, mas ser\u00e3o r\u00e1pida e humanamente removidos para um terceiro pa\u00eds seguro ou para o seu pa\u00eds de origem\u201d, afirmou, apontando Ruanda como um pa\u00eds que melhorou muito nos \u00faltimos anos.<\/p>\n<p>Localizado a 7.000 quil\u00f4metros de dist\u00e2ncia na regi\u00e3o central do continente africano, Ruanda tem o 160\u00ba pior \u00edndice de desenvolvimento humano do mundo, e \u00e9 alvo de constantes cr\u00edticas por viola\u00e7\u00f5es de direitos humanos, mortes sob cust\u00f3dia e tortura. \/\/ Fonte: Hypeness<\/p>\n","protected":false},"excerpt":{"rendered":"<p>Em uma das decis\u00f5es mais controversas de toda sua administra\u00e7\u00e3o, o primeiro-ministro brit\u00e2nico Boris Johnson assinou, na semana passada, um plano para enviar a Ruanda todos os imigrantes que cruzarem o Canal da Mancha sem documenta\u00e7\u00e3o de entrada para o Reino Unido. A nova pol\u00edtica \u00e9 baseada em acordo de 120 milh\u00f5es de libras, equivalentes a 738 milh\u00f5es de reais, firmado com o governo do pa\u00eds africano para a \u201cintegra\u00e7\u00e3o\u201d de imigrantes, e rapidamente causou intensa rea\u00e7\u00e3o da oposi\u00e7\u00e3o, que acusou o governo Johnson de tratar os refugiados de forma racista, desumana e cruel \u2013 para a ministra do Interior [&hellip;]<\/p>\n","protected":false},"author":1,"featured_media":51642,"comment_status":"open","ping_status":"closed","sticky":false,"template":"","format":"standard","meta":{"_links_to":"","_links_to_target":""},"categories":[4,3,1],"tags":[],"views":870,"_links":{"self":[{"href":"https:\/\/www.brazilianpress.com\/v1\/wp-json\/wp\/v2\/posts\/51641"}],"collection":[{"href":"https:\/\/www.brazilianpress.com\/v1\/wp-json\/wp\/v2\/posts"}],"about":[{"href":"https:\/\/www.brazilianpress.com\/v1\/wp-json\/wp\/v2\/types\/post"}],"author":[{"embeddable":true,"href":"https:\/\/www.brazilianpress.com\/v1\/wp-json\/wp\/v2\/users\/1"}],"replies":[{"embeddable":true,"href":"https:\/\/www.brazilianpress.com\/v1\/wp-json\/wp\/v2\/comments?post=51641"}],"version-history":[{"count":1,"href":"https:\/\/www.brazilianpress.com\/v1\/wp-json\/wp\/v2\/posts\/51641\/revisions"}],"predecessor-version":[{"id":51643,"href":"https:\/\/www.brazilianpress.com\/v1\/wp-json\/wp\/v2\/posts\/51641\/revisions\/51643"}],"wp:featuredmedia":[{"embeddable":true,"href":"https:\/\/www.brazilianpress.com\/v1\/wp-json\/wp\/v2\/media\/51642"}],"wp:attachment":[{"href":"https:\/\/www.brazilianpress.com\/v1\/wp-json\/wp\/v2\/media?parent=51641"}],"wp:term":[{"taxonomy":"category","embeddable":true,"href":"https:\/\/www.brazilianpress.com\/v1\/wp-json\/wp\/v2\/categories?post=51641"},{"taxonomy":"post_tag","embeddable":true,"href":"https:\/\/www.brazilianpress.com\/v1\/wp-json\/wp\/v2\/tags?post=51641"}],"curies":[{"name":"wp","href":"https:\/\/api.w.org\/{rel}","templated":true}]}}