{"id":51644,"date":"2022-04-25T15:47:34","date_gmt":"2022-04-25T19:47:34","guid":{"rendered":"https:\/\/www.brazilianpress.com\/v1\/?p=51644"},"modified":"2022-04-25T15:47:34","modified_gmt":"2022-04-25T19:47:34","slug":"guedes-testa-positivo-para-covid-19-apos-viagem-aos-eua-e-cancela-compromissos","status":"publish","type":"post","link":"https:\/\/www.brazilianpress.com\/v1\/2022\/04\/25\/guedes-testa-positivo-para-covid-19-apos-viagem-aos-eua-e-cancela-compromissos\/","title":{"rendered":"Guedes testa positivo para Covid-19 ap\u00f3s viagem aos EUA e cancela compromissos"},"content":{"rendered":"<p><strong>O ministro Paulo Guedes (Economia) testou positivo para Covid-19, ap\u00f3s viagem feita aos Estados Unidos para participar de reuni\u00f5es do FMI (Fundo Monet\u00e1rio Internacional) e do Banco Mundial. De acordo com o Minist\u00e9rio da Economia, os compromissos presenciais desta semana foram cancelados para ele ficar em isolamento. J\u00e1 agenda de reuni\u00f5es virtuais foi mantida.<\/strong><\/p>\n<p>Guedes apresenta sintomas leves, informa a assessoria de imprensa do minist\u00e9rio. Ele j\u00e1 tomou tr\u00eas doses da vacina contra a Covid-19. Nesta segunda-feira (25), Guedes tinha reuni\u00f5es no Minist\u00e9rio da Economia apenas com sua pr\u00f3pria equipe. Estavam programados encontros com os secret\u00e1rios especiais Daniella Marques (Competitividade), Esteves Colnago (Tesouro e Or\u00e7amento) e Caio Paes de Andrade (Desburocratiza\u00e7\u00e3o), al\u00e9m de uma audi\u00eancia com o procurador-geral da Fazenda Nacional (Ricardo Soriano).<\/p>\n<p><img src=\"https:\/\/live.staticflickr.com\/65535\/52018690215_1204161745_h.jpg\" \/><\/p>\n<p>Este \u00e9 o primeiro dia \u00fatil de trabalhos do ministro no Brasil ap\u00f3s a viagem aos EUA de 17 a 23 de abril. Nos encontros do FMI e do Banco Mundial, esteve no centro das discuss\u00f5es o cen\u00e1rio de estresse da economia global devido aos efeitos da pandemia e da guerra na Ucr\u00e2nia. A situa\u00e7\u00e3o financeira de muitos pa\u00edses que se endividaram de maneira intensiva em meio \u00e0 crise da Covid-19 tem levantado preocupa\u00e7\u00f5es e o FMI discute a cria\u00e7\u00e3o de um novo fundo com o objetivo de fornecer resili\u00eancia e sustentabilidade \u00e0s na\u00e7\u00f5es mais fragilizadas.<\/p>\n","protected":false},"excerpt":{"rendered":"<p>O ministro Paulo Guedes (Economia) testou positivo para Covid-19, ap\u00f3s viagem feita aos Estados Unidos para participar de reuni\u00f5es do FMI (Fundo Monet\u00e1rio Internacional) e do Banco Mundial. De acordo com o Minist\u00e9rio da Economia, os compromissos presenciais desta semana foram cancelados para ele ficar em isolamento. J\u00e1 agenda de reuni\u00f5es virtuais foi mantida. Guedes apresenta sintomas leves, informa a assessoria de imprensa do minist\u00e9rio. Ele j\u00e1 tomou tr\u00eas doses da vacina contra a Covid-19. Nesta segunda-feira (25), Guedes tinha reuni\u00f5es no Minist\u00e9rio da Economia apenas com sua pr\u00f3pria equipe. Estavam programados encontros com os secret\u00e1rios especiais Daniella Marques (Competitividade), [&hellip;]<\/p>\n","protected":false},"author":1,"featured_media":51645,"comment_status":"open","ping_status":"closed","sticky":false,"template":"","format":"standard","meta":{"_links_to":"","_links_to_target":""},"categories":[7,3,1],"tags":[],"views":964,"_links":{"self":[{"href":"https:\/\/www.brazilianpress.com\/v1\/wp-json\/wp\/v2\/posts\/51644"}],"collection":[{"href":"https:\/\/www.brazilianpress.com\/v1\/wp-json\/wp\/v2\/posts"}],"about":[{"href":"https:\/\/www.brazilianpress.com\/v1\/wp-json\/wp\/v2\/types\/post"}],"author":[{"embeddable":true,"href":"https:\/\/www.brazilianpress.com\/v1\/wp-json\/wp\/v2\/users\/1"}],"replies":[{"embeddable":true,"href":"https:\/\/www.brazilianpress.com\/v1\/wp-json\/wp\/v2\/comments?post=51644"}],"version-history":[{"count":2,"href":"https:\/\/www.brazilianpress.com\/v1\/wp-json\/wp\/v2\/posts\/51644\/revisions"}],"predecessor-version":[{"id":51647,"href":"https:\/\/www.brazilianpress.com\/v1\/wp-json\/wp\/v2\/posts\/51644\/revisions\/51647"}],"wp:featuredmedia":[{"embeddable":true,"href":"https:\/\/www.brazilianpress.com\/v1\/wp-json\/wp\/v2\/media\/51645"}],"wp:attachment":[{"href":"https:\/\/www.brazilianpress.com\/v1\/wp-json\/wp\/v2\/media?parent=51644"}],"wp:term":[{"taxonomy":"category","embeddable":true,"href":"https:\/\/www.brazilianpress.com\/v1\/wp-json\/wp\/v2\/categories?post=51644"},{"taxonomy":"post_tag","embeddable":true,"href":"https:\/\/www.brazilianpress.com\/v1\/wp-json\/wp\/v2\/tags?post=51644"}],"curies":[{"name":"wp","href":"https:\/\/api.w.org\/{rel}","templated":true}]}}