{"id":51648,"date":"2022-04-26T10:47:12","date_gmt":"2022-04-26T14:47:12","guid":{"rendered":"https:\/\/www.brazilianpress.com\/v1\/?p=51648"},"modified":"2022-04-26T10:47:12","modified_gmt":"2022-04-26T14:47:12","slug":"imigracao-juiz-federal-bloqueia-temporariamente-a-administracao-de-biden-de-encerrar-o-titulo-42","status":"publish","type":"post","link":"https:\/\/www.brazilianpress.com\/v1\/2022\/04\/26\/imigracao-juiz-federal-bloqueia-temporariamente-a-administracao-de-biden-de-encerrar-o-titulo-42\/","title":{"rendered":"Imigra\u00e7\u00e3o: Juiz federal bloqueia temporariamente a administra\u00e7\u00e3o de Biden de encerrar o &#8220;T\u00edtulo 42&#8221;"},"content":{"rendered":"<p><strong>Um juiz federal da Louisiana disse na segunda-feira que impedir\u00e1 o governo Biden de suspender uma ordem de sa\u00fade p\u00fablica que mant\u00e9m imigrantes em busca de asilo fora dos Estados Unidos. O juiz distrital dos EUA, Robert R. Summerhays, disse aos procuradores-gerais republicanos e ao governo federal que planejava conceder aos republicanos uma ordem de restri\u00e7\u00e3o tempor\u00e1ria. Isso impediria o presidente Joe Biden de encerrar a pol\u00edtica conhecida como T\u00edtulo 42, implementada pela primeira vez durante o governo Trump.<\/strong><\/p>\n<p>O governo havia dito que encerraria no pr\u00f3ximo m\u00eas a ordem de emerg\u00eancia que permitia \u00e0s autoridades de imigra\u00e7\u00e3o expulsar aqueles que buscavam asilo. Mas a decis\u00e3o trouxe condena\u00e7\u00e3o de republicanos e resist\u00eancia de alguns membros do pr\u00f3prio partido de Biden, que dizem que \u00e9 preciso haver um plano abrangente para lidar com um n\u00famero maior de imigrantes esperado quando a ordem terminar. O Departamento de Seguran\u00e7a Interna diz que tamb\u00e9m enfrenta um d\u00e9ficit de financiamento.<\/p>\n<p><img src=\"https:\/\/coloradonewsline.com\/wp-content\/uploads\/2022\/04\/GettyImages-1358450690-scaled-1-1024x683.jpeg\" \/><\/p>\n<p>Summerhays concedeu o pedido durante uma confer\u00eancia virtual de status na segunda-feira. Um resumo dessa reuni\u00e3o disse que os estados e ag\u00eancias federais \u201ctentariam chegar a um acordo\u201d sobre os termos espec\u00edficos da ordem. O resumo n\u00e3o inclui detalhes do racioc\u00ednio legal de Summerhays. O ex-presidente Donald Trump nomeou Summerhays para o cargo de juiz federal na Louisiana, onde atua desde 2018. O governo Trump colocou o T\u00edtulo 42 em vigor pela primeira vez durante a primeira onda de restri\u00e7\u00f5es pand\u00eamicas em mar\u00e7o de 2020. Buscando impedir a entrada e perman\u00eancia de portadores de coronav\u00edrus no pa\u00eds, a ordem permitiu que o Departamento de Seguran\u00e7a Interna removesse imigrantes em busca de asilo.<\/p>\n<p>Mais de 1 milh\u00e3o de migrantes foram expulsos sob a pol\u00edtica, de acordo com a Alf\u00e2ndega e Prote\u00e7\u00e3o de Fronteiras dos EUA. Os Centros de Controle e Preven\u00e7\u00e3o de Doen\u00e7as disseram no in\u00edcio deste m\u00eas que suspenderiam o T\u00edtulo 42 em 23 de maio. A ag\u00eancia determinou que, com taxas de vacina\u00e7\u00e3o mais altas no pa\u00eds e em todo o mundo, os migrantes n\u00e3o representam mais uma amea\u00e7a \u00e0 sa\u00fade p\u00fablica suficiente para continuar a pol\u00edtica. Procuradores-gerais no Arizona, Louisiana e Missouri processaram no in\u00edcio deste m\u00eas para bloquear essa a\u00e7\u00e3o. Dezoito outros estados, incluindo Fl\u00f3rida, Ge\u00f3rgia, Tennessee, Ohio, Idaho, Nebraska, Montana e Kansas, aderiram nas \u00faltimas tr\u00eas semanas. Embora a sa\u00fade p\u00fablica em meio a uma pandemia tenha sido a justificativa para a imposi\u00e7\u00e3o da pol\u00edtica h\u00e1 mais de dois anos, os oponentes de sua remo\u00e7\u00e3o argumentaram que ela deveria permanecer em vigor para conter a imigra\u00e7\u00e3o. \u201cEsta \u00e9 uma grande vit\u00f3ria para a seguran\u00e7a das fronteiras\u201d, escreveu o procurador-geral do Missouri, Eric Schmitt , no Twitter na segunda- feira. \u201cMas a luta continua.\u201d<\/p>\n","protected":false},"excerpt":{"rendered":"<p>Um juiz federal da Louisiana disse na segunda-feira que impedir\u00e1 o governo Biden de suspender uma ordem de sa\u00fade p\u00fablica que mant\u00e9m imigrantes em busca de asilo fora dos Estados Unidos. O juiz distrital dos EUA, Robert R. Summerhays, disse aos procuradores-gerais republicanos e ao governo federal que planejava conceder aos republicanos uma ordem de restri\u00e7\u00e3o tempor\u00e1ria. Isso impediria o presidente Joe Biden de encerrar a pol\u00edtica conhecida como T\u00edtulo 42, implementada pela primeira vez durante o governo Trump. O governo havia dito que encerraria no pr\u00f3ximo m\u00eas a ordem de emerg\u00eancia que permitia \u00e0s autoridades de imigra\u00e7\u00e3o expulsar aqueles [&hellip;]<\/p>\n","protected":false},"author":1,"featured_media":47493,"comment_status":"open","ping_status":"closed","sticky":false,"template":"","format":"standard","meta":{"_links_to":"","_links_to_target":""},"categories":[4,3,1],"tags":[],"views":1282,"_links":{"self":[{"href":"https:\/\/www.brazilianpress.com\/v1\/wp-json\/wp\/v2\/posts\/51648"}],"collection":[{"href":"https:\/\/www.brazilianpress.com\/v1\/wp-json\/wp\/v2\/posts"}],"about":[{"href":"https:\/\/www.brazilianpress.com\/v1\/wp-json\/wp\/v2\/types\/post"}],"author":[{"embeddable":true,"href":"https:\/\/www.brazilianpress.com\/v1\/wp-json\/wp\/v2\/users\/1"}],"replies":[{"embeddable":true,"href":"https:\/\/www.brazilianpress.com\/v1\/wp-json\/wp\/v2\/comments?post=51648"}],"version-history":[{"count":1,"href":"https:\/\/www.brazilianpress.com\/v1\/wp-json\/wp\/v2\/posts\/51648\/revisions"}],"predecessor-version":[{"id":51649,"href":"https:\/\/www.brazilianpress.com\/v1\/wp-json\/wp\/v2\/posts\/51648\/revisions\/51649"}],"wp:featuredmedia":[{"embeddable":true,"href":"https:\/\/www.brazilianpress.com\/v1\/wp-json\/wp\/v2\/media\/47493"}],"wp:attachment":[{"href":"https:\/\/www.brazilianpress.com\/v1\/wp-json\/wp\/v2\/media?parent=51648"}],"wp:term":[{"taxonomy":"category","embeddable":true,"href":"https:\/\/www.brazilianpress.com\/v1\/wp-json\/wp\/v2\/categories?post=51648"},{"taxonomy":"post_tag","embeddable":true,"href":"https:\/\/www.brazilianpress.com\/v1\/wp-json\/wp\/v2\/tags?post=51648"}],"curies":[{"name":"wp","href":"https:\/\/api.w.org\/{rel}","templated":true}]}}