{"id":51650,"date":"2022-04-26T17:57:34","date_gmt":"2022-04-26T21:57:34","guid":{"rendered":"https:\/\/www.brazilianpress.com\/v1\/?p=51650"},"modified":"2022-04-26T17:57:34","modified_gmt":"2022-04-26T21:57:34","slug":"eua-buscam-lacos-mais-estreitos-com-brasil-em-momento-de-turbulencia-e-guerra","status":"publish","type":"post","link":"https:\/\/www.brazilianpress.com\/v1\/2022\/04\/26\/eua-buscam-lacos-mais-estreitos-com-brasil-em-momento-de-turbulencia-e-guerra\/","title":{"rendered":"EUA buscam la\u00e7os mais estreitos com Brasil em momento de turbul\u00eancia e guerra"},"content":{"rendered":"<p><strong>Autoridades do Departamento de Estado dos Estados Unidos realizaram na segunda-feira as primeiras conversas de alto n\u00edvel com o governo brasileiro desde 2019, refor\u00e7ando os la\u00e7os entre as duas maiores democracias do Hemisf\u00e9rio Ocidental, apesar de suas diferen\u00e7as sobre a guerra na Ucr\u00e2nia.<\/strong><\/p>\n<p>Embora o presidente Jair Bolsonaro n\u00e3o tenha condenado a invas\u00e3o da Ucr\u00e2nia pela R\u00fassia, a subsecret\u00e1ria de Estado para Assuntos Pol\u00edticos dos EUA, Victoria Nuland, agradeceu aos diplomatas brasileiros por votarem com os Estados Unidos no Conselho de Seguran\u00e7a das Na\u00e7\u00f5es Unidas. \u201cEm um momento em que o mundo est\u00e1 em turbul\u00eancia, Estados Unidos e Brasil precisam um do outro\u201d, afirmou ela a rep\u00f3rteres, dizendo que a R\u00fassia est\u00e1 \u201cminando os princ\u00edpios que os EUA e o Brasil defendem\u201d.<\/p>\n<p>Questionada sobre as cr\u00edticas de Bolsonaro ao sistema eleitoral brasileiro antes de sua campanha em busca da reelei\u00e7\u00e3o em outubro, Nuland disse que os EUA t\u00eam confian\u00e7a nas fortes institui\u00e7\u00f5es democr\u00e1ticas do Brasil. \u201cTemos confian\u00e7a em seus sistemas e voc\u00eas precisam ter confian\u00e7a em seus sistemas, inclusive no n\u00edvel de lideran\u00e7a\u201d, declarou ela.<\/p>\n<p>O subsecret\u00e1rio de Crescimento Econ\u00f4mico, Energia e Meio Ambiente, Jos\u00e9 Fern\u00e1ndez, disse que os EUA apoiaram a ades\u00e3o do Brasil \u00e0 Organiza\u00e7\u00e3o para Coopera\u00e7\u00e3o e Desenvolvimento Econ\u00f4mico (OCDE), um \u00f3rg\u00e3o de na\u00e7\u00f5es ricas. Mas ele disse que o processo de ades\u00e3o \u201clevar\u00e1 v\u00e1rios anos\u201d. As autoridades dos EUA expressaram preocupa\u00e7\u00e3o com o desmatamento na Amaz\u00f4nia, segundo o secret\u00e1rio das Am\u00e9ricas do Minist\u00e9rio das Rela\u00e7\u00f5es Exteriores, embaixador Pedro Miguel da Costa e Silva. \u201cEles querem ver resultados concretos\u201d, afirmou ele a rep\u00f3rteres. O desmatamento na maior floresta tropical do mundo aumentou sob o governo Bolsonaro e atingiu n\u00edveis recordes nos meses de janeiro e fevereiro. O secret\u00e1rio disse que as autoridades dos EUA ouviram o que o Brasil est\u00e1 fazendo para conter o desmatamento, juntamente com uma mensagem de que as na\u00e7\u00f5es desenvolvidas precisam entregar mais em termos de financiamento ao desenvolvimento sustent\u00e1vel.<\/p>\n","protected":false},"excerpt":{"rendered":"<p>Autoridades do Departamento de Estado dos Estados Unidos realizaram na segunda-feira as primeiras conversas de alto n\u00edvel com o governo brasileiro desde 2019, refor\u00e7ando os la\u00e7os entre as duas maiores democracias do Hemisf\u00e9rio Ocidental, apesar de suas diferen\u00e7as sobre a guerra na Ucr\u00e2nia. Embora o presidente Jair Bolsonaro n\u00e3o tenha condenado a invas\u00e3o da Ucr\u00e2nia pela R\u00fassia, a subsecret\u00e1ria de Estado para Assuntos Pol\u00edticos dos EUA, Victoria Nuland, agradeceu aos diplomatas brasileiros por votarem com os Estados Unidos no Conselho de Seguran\u00e7a das Na\u00e7\u00f5es Unidas. \u201cEm um momento em que o mundo est\u00e1 em turbul\u00eancia, Estados Unidos e Brasil precisam [&hellip;]<\/p>\n","protected":false},"author":1,"featured_media":51651,"comment_status":"open","ping_status":"closed","sticky":false,"template":"","format":"standard","meta":{"_links_to":"","_links_to_target":""},"categories":[7,3,1,10],"tags":[],"views":1250,"_links":{"self":[{"href":"https:\/\/www.brazilianpress.com\/v1\/wp-json\/wp\/v2\/posts\/51650"}],"collection":[{"href":"https:\/\/www.brazilianpress.com\/v1\/wp-json\/wp\/v2\/posts"}],"about":[{"href":"https:\/\/www.brazilianpress.com\/v1\/wp-json\/wp\/v2\/types\/post"}],"author":[{"embeddable":true,"href":"https:\/\/www.brazilianpress.com\/v1\/wp-json\/wp\/v2\/users\/1"}],"replies":[{"embeddable":true,"href":"https:\/\/www.brazilianpress.com\/v1\/wp-json\/wp\/v2\/comments?post=51650"}],"version-history":[{"count":1,"href":"https:\/\/www.brazilianpress.com\/v1\/wp-json\/wp\/v2\/posts\/51650\/revisions"}],"predecessor-version":[{"id":51652,"href":"https:\/\/www.brazilianpress.com\/v1\/wp-json\/wp\/v2\/posts\/51650\/revisions\/51652"}],"wp:featuredmedia":[{"embeddable":true,"href":"https:\/\/www.brazilianpress.com\/v1\/wp-json\/wp\/v2\/media\/51651"}],"wp:attachment":[{"href":"https:\/\/www.brazilianpress.com\/v1\/wp-json\/wp\/v2\/media?parent=51650"}],"wp:term":[{"taxonomy":"category","embeddable":true,"href":"https:\/\/www.brazilianpress.com\/v1\/wp-json\/wp\/v2\/categories?post=51650"},{"taxonomy":"post_tag","embeddable":true,"href":"https:\/\/www.brazilianpress.com\/v1\/wp-json\/wp\/v2\/tags?post=51650"}],"curies":[{"name":"wp","href":"https:\/\/api.w.org\/{rel}","templated":true}]}}