{"id":51659,"date":"2022-04-28T17:20:23","date_gmt":"2022-04-28T21:20:23","guid":{"rendered":"https:\/\/www.brazilianpress.com\/v1\/?p=51659"},"modified":"2022-04-28T17:20:23","modified_gmt":"2022-04-28T21:20:23","slug":"governo-dos-eua-reuniu-com-suas-familias-mais-de-200-criancas-imigrantes-diz-secretario","status":"publish","type":"post","link":"https:\/\/www.brazilianpress.com\/v1\/2022\/04\/28\/governo-dos-eua-reuniu-com-suas-familias-mais-de-200-criancas-imigrantes-diz-secretario\/","title":{"rendered":"Governo dos EUA reuniu com suas fam\u00edlias mais de 200 crian\u00e7as imigrantes, diz secret\u00e1rio"},"content":{"rendered":"<p><strong>Mais de 200 crian\u00e7as migrantes separadas de seus pais durante o governo do ex-presidente dos Estados Unidos, Donald Trump, se reencontraram com suas fam\u00edlias, afirmou nesta quinta-feira (28) o secret\u00e1rio de Seguran\u00e7a Interna, Alejandro Mayorkas. &#8220;At\u00e9 agora, reunimos mais de 200 crian\u00e7as separadas de seus pais e estima-se que existam aproximadamente mais 1.000 crian\u00e7as que ainda est\u00e3o separadas&#8221;, disse.<\/strong><\/p>\n<p>O Destacamento Especial para a Reunifica\u00e7\u00e3o de Fam\u00edlias &#8220;entrou em contato com mais de 500 pais e quase 400 crian\u00e7as est\u00e3o agora no processo de reunifica\u00e7\u00e3o&#8221;, acrescentou Mayorkas \u00e0 Comiss\u00e3o de Justi\u00e7a da C\u00e2mara dos Representantes. O Departamento de Seguran\u00e7a Interna continua em contato com ONGs para fazer contato com as fam\u00edlias, &#8220;mas um dos maiores obst\u00e1culos que temos [&#8230;] \u00e9 vencer a desconfian\u00e7a semeada pela administra\u00e7\u00e3o anterior atrav\u00e9s de suas pol\u00edticas cru\u00e9is, e muitos ainda t\u00eam medo pelo trauma que viveram&#8221;, acrescentou.<\/p>\n<p><img src=\"https:\/\/s.yimg.com\/ny\/api\/res\/1.2\/.AZpQS5Zxed0Km5YllOF8A--\/YXBwaWQ9aGlnaGxhbmRlcjt3PTk2MDtoPTYzOTtjZj13ZWJw\/https:\/\/s.yimg.com\/uu\/api\/res\/1.2\/.QAz6QuiNlHW5EbARWh11Q--~B\/aD01MTE7dz03Njg7YXBwaWQ9eXRhY2h5b24-\/https:\/\/media.zenfs.com\/pt\/afp.com.br\/ea7fffe5a412455ee258beaa5f07e232\" \/><\/p>\n<p>Durante a pol\u00edtica de &#8220;toler\u00e2ncia zero&#8221; aplicada por Donald Trump, de 2017 a janeiro de 2021, milhares de crian\u00e7as foram separadas de suas fam\u00edlias para desencorajar a chegada maci\u00e7a de migrantes, a maioria oriunda da Am\u00e9rica Central, mas muitos delas acabaram sendo reunidas com seus parentes ainda no mandato do republicano. Quando Joe Biden chegou \u00e0 Casa Branca, prometeu uma pol\u00edtica migrat\u00f3ria mais &#8220;humana&#8221; e criou um grupo para reunir as crian\u00e7as que continuavam separadas de seus pais.<\/p>\n<p>&#8220;Estamos permitindo que se re\u00fanam aqui nos Estados Unidos e oferecemos uma permiss\u00e3o humanit\u00e1ria para que tenham algum n\u00edvel de estabilidade por um per\u00edodo de tr\u00eas anos, que \u00e9 renov\u00e1vel, dependendo das circunst\u00e2ncias de cada caso&#8221;, explicou Mayorkas, que compareceu, esta semana, a diversas comiss\u00f5es da C\u00e2mara para falar sobre o or\u00e7amento de seu departamento para o pr\u00f3ximo ano fiscal.<\/p>\n<p>Durante a audi\u00eancia de hoje, o secret\u00e1rio mencionou a conversa que teve com uma m\u00e3e. &#8220;Foi incrivelmente doloroso ouvir uma m\u00e3e falar sobre como, apesar do reencontro f\u00edsico, havia uma dist\u00e2ncia entre ela e sua filha adolescente, que ainda sofria com o trauma da separa\u00e7\u00e3o&#8221;, disse aos congressistas. Biden apoia o pagamento de uma compensa\u00e7\u00e3o para as fam\u00edlias de migrantes que foram separadas, mas seu governo abandonou as negocia\u00e7\u00f5es com os advogados que apresentaram a\u00e7\u00f5es judiciais em nome de algumas dessas fam\u00edlias.<\/p>\n<p>Os demandantes, que buscam indeniza\u00e7\u00f5es pelo que consideram danos psicol\u00f3gicos, anunciaram que seguir\u00e3o adiante com os processos. Ao longo de seus comparecimentos \u00e0s comiss\u00f5es esta semana, Mayorkas insistiu que a solu\u00e7\u00e3o para a crise migrat\u00f3ria na fronteira com o M\u00e9xico passa por abordar as causas dessa migra\u00e7\u00e3o e por uma legisla\u00e7\u00e3o. &#8220;Temos que consertar nosso sistema de imigra\u00e7\u00e3o falido e [&#8230;] ele est\u00e1 falido em muitos aspectos&#8221;, reiterou nesta quinta-feira. Quando chegou \u00e0 Casa Branca, Biden prop\u00f4s um caminho para que 11 milh\u00f5es de imigrantes irregulares conseguissem a cidadania americana, mas o projeto nunca entrou em vota\u00e7\u00e3o.<\/p>\n","protected":false},"excerpt":{"rendered":"<p>Mais de 200 crian\u00e7as migrantes separadas de seus pais durante o governo do ex-presidente dos Estados Unidos, Donald Trump, se reencontraram com suas fam\u00edlias, afirmou nesta quinta-feira (28) o secret\u00e1rio de Seguran\u00e7a Interna, Alejandro Mayorkas. &#8220;At\u00e9 agora, reunimos mais de 200 crian\u00e7as separadas de seus pais e estima-se que existam aproximadamente mais 1.000 crian\u00e7as que ainda est\u00e3o separadas&#8221;, disse. O Destacamento Especial para a Reunifica\u00e7\u00e3o de Fam\u00edlias &#8220;entrou em contato com mais de 500 pais e quase 400 crian\u00e7as est\u00e3o agora no processo de reunifica\u00e7\u00e3o&#8221;, acrescentou Mayorkas \u00e0 Comiss\u00e3o de Justi\u00e7a da C\u00e2mara dos Representantes. O Departamento de Seguran\u00e7a Interna [&hellip;]<\/p>\n","protected":false},"author":1,"featured_media":47508,"comment_status":"closed","ping_status":"closed","sticky":false,"template":"","format":"standard","meta":{"_links_to":"","_links_to_target":""},"categories":[4,3,1],"tags":[],"views":893,"_links":{"self":[{"href":"https:\/\/www.brazilianpress.com\/v1\/wp-json\/wp\/v2\/posts\/51659"}],"collection":[{"href":"https:\/\/www.brazilianpress.com\/v1\/wp-json\/wp\/v2\/posts"}],"about":[{"href":"https:\/\/www.brazilianpress.com\/v1\/wp-json\/wp\/v2\/types\/post"}],"author":[{"embeddable":true,"href":"https:\/\/www.brazilianpress.com\/v1\/wp-json\/wp\/v2\/users\/1"}],"replies":[{"embeddable":true,"href":"https:\/\/www.brazilianpress.com\/v1\/wp-json\/wp\/v2\/comments?post=51659"}],"version-history":[{"count":2,"href":"https:\/\/www.brazilianpress.com\/v1\/wp-json\/wp\/v2\/posts\/51659\/revisions"}],"predecessor-version":[{"id":51661,"href":"https:\/\/www.brazilianpress.com\/v1\/wp-json\/wp\/v2\/posts\/51659\/revisions\/51661"}],"wp:featuredmedia":[{"embeddable":true,"href":"https:\/\/www.brazilianpress.com\/v1\/wp-json\/wp\/v2\/media\/47508"}],"wp:attachment":[{"href":"https:\/\/www.brazilianpress.com\/v1\/wp-json\/wp\/v2\/media?parent=51659"}],"wp:term":[{"taxonomy":"category","embeddable":true,"href":"https:\/\/www.brazilianpress.com\/v1\/wp-json\/wp\/v2\/categories?post=51659"},{"taxonomy":"post_tag","embeddable":true,"href":"https:\/\/www.brazilianpress.com\/v1\/wp-json\/wp\/v2\/tags?post=51659"}],"curies":[{"name":"wp","href":"https:\/\/api.w.org\/{rel}","templated":true}]}}