{"id":51671,"date":"2022-04-29T09:42:14","date_gmt":"2022-04-29T13:42:14","guid":{"rendered":"https:\/\/www.brazilianpress.com\/v1\/?p=51671"},"modified":"2022-04-29T09:42:14","modified_gmt":"2022-04-29T13:42:14","slug":"social-press-29-04-2022","status":"publish","type":"post","link":"https:\/\/www.brazilianpress.com\/v1\/2022\/04\/29\/social-press-29-04-2022\/","title":{"rendered":"Social Press . 29\/04\/2022"},"content":{"rendered":"<p><em><strong>O Happy Birthday do m\u00eas vai para a bela\u00a0 Iasmini Oliveira que comemorou seu anivers\u00e1rio\u00a0 com muita anima\u00e7\u00e3o . Nossos votos de muitas felicidades e sucesso!<\/strong><\/em><\/p>\n<p><em><strong><img loading=\"lazy\" class=\"alignnone size-full wp-image-51664\" src=\"https:\/\/www.brazilianpress.com\/v1\/wp-content\/uploads\/2022\/04\/Foto-2-Felicitacoes-ao-Pastor-Gilson-Brito.jpg\" alt=\"\" width=\"700\" height=\"439\" srcset=\"https:\/\/www.brazilianpress.com\/v1\/wp-content\/uploads\/2022\/04\/Foto-2-Felicitacoes-ao-Pastor-Gilson-Brito.jpg 700w, https:\/\/www.brazilianpress.com\/v1\/wp-content\/uploads\/2022\/04\/Foto-2-Felicitacoes-ao-Pastor-Gilson-Brito-300x188.jpg 300w\" sizes=\"(max-width: 700px) 100vw, 700px\" \/><br \/>\nFelicita\u00e7\u00f5es ao Pastor Gilson Brito, apresentador do &#8220;Voz da Profecia&#8221; na TV Novo Tempo, que esteve em Newark para Uma Semana especial de Evangelismo. Nossa Querida Heloisa Martins da Igreja Adventista de Rio Maria Para tamb\u00e9m esteve visitando-nos e aproveitou para cumprimentar o Irm\u00e3o e L\u00edder em Cristo.<\/strong><\/em><\/p>\n<p><em><strong><img loading=\"lazy\" class=\"alignnone size-full wp-image-51665\" src=\"https:\/\/www.brazilianpress.com\/v1\/wp-content\/uploads\/2022\/04\/Foto-3-Caipira-n\u00e3o-pode-ver-um-carro-\u201cbonito.jpg\" alt=\"\" width=\"700\" height=\"377\" srcset=\"https:\/\/www.brazilianpress.com\/v1\/wp-content\/uploads\/2022\/04\/Foto-3-Caipira-n\u00e3o-pode-ver-um-carro-\u201cbonito.jpg 700w, https:\/\/www.brazilianpress.com\/v1\/wp-content\/uploads\/2022\/04\/Foto-3-Caipira-n\u00e3o-pode-ver-um-carro-\u201cbonito-300x162.jpg 300w\" sizes=\"(max-width: 700px) 100vw, 700px\" \/><br \/>\nCaipira n\u00e3o pode ver um carro \u201cbonito\u201d que faz pose rapidinho para \u201ctirar um retrato\u201d! Olha ele ai, Pr.Marcelo de Souza.<\/strong><\/em><\/p>\n<p><em><strong><img loading=\"lazy\" class=\"alignnone size-full wp-image-51666\" src=\"https:\/\/www.brazilianpress.com\/v1\/wp-content\/uploads\/2022\/04\/Foto-4-Curtindo-o-dia-em-fam\u00edlia-Suzana.jpg\" alt=\"\" width=\"640\" height=\"450\" srcset=\"https:\/\/www.brazilianpress.com\/v1\/wp-content\/uploads\/2022\/04\/Foto-4-Curtindo-o-dia-em-fam\u00edlia-Suzana.jpg 640w, https:\/\/www.brazilianpress.com\/v1\/wp-content\/uploads\/2022\/04\/Foto-4-Curtindo-o-dia-em-fam\u00edlia-Suzana-300x211.jpg 300w\" sizes=\"(max-width: 640px) 100vw, 640px\" \/><br \/>\nCurtindo o dia em fam\u00edlia, Suzana e Murilo Santos acompanhados pelos Pais e sogros e o melhor amigo do homem.\u00a0 \u00c9 isso a\u00ed.<\/strong><\/em><\/p>\n<p><em><strong><img loading=\"lazy\" class=\"alignnone size-full wp-image-51667\" src=\"https:\/\/www.brazilianpress.com\/v1\/wp-content\/uploads\/2022\/04\/Foto-5-Nosso-amigo-Jo\u00e3o-Oliveira-\u201cJB.jpg\" alt=\"\" width=\"700\" height=\"407\" srcset=\"https:\/\/www.brazilianpress.com\/v1\/wp-content\/uploads\/2022\/04\/Foto-5-Nosso-amigo-Jo\u00e3o-Oliveira-\u201cJB.jpg 700w, https:\/\/www.brazilianpress.com\/v1\/wp-content\/uploads\/2022\/04\/Foto-5-Nosso-amigo-Jo\u00e3o-Oliveira-\u201cJB-300x174.jpg 300w\" sizes=\"(max-width: 700px) 100vw, 700px\" \/><br \/>\nNosso amigo Jo\u00e3o Oliveira\u00a0 \u201cJB\u201d o\u00a0 aniversariante e a esposa Renata, em grande estilo. Parab\u00e9ns JB e muitas felicidades!<\/strong><\/em><\/p>\n<p><em><strong><img loading=\"lazy\" class=\"alignnone size-full wp-image-51668\" src=\"https:\/\/www.brazilianpress.com\/v1\/wp-content\/uploads\/2022\/04\/Foto-6-Congratulations-para-a-mais-nova-graduate-girl.jpg\" alt=\"\" width=\"700\" height=\"433\" srcset=\"https:\/\/www.brazilianpress.com\/v1\/wp-content\/uploads\/2022\/04\/Foto-6-Congratulations-para-a-mais-nova-graduate-girl.jpg 700w, https:\/\/www.brazilianpress.com\/v1\/wp-content\/uploads\/2022\/04\/Foto-6-Congratulations-para-a-mais-nova-graduate-girl-300x186.jpg 300w\" sizes=\"(max-width: 700px) 100vw, 700px\" \/><br \/>\nCongratulations para a mais nova graduate girl, Chelsey Cavalcante, para orgulho dos pais\u00a0 Ray e Selma, parab\u00e9ns e desejamos muito sucesso!<\/strong><\/em><\/p>\n<p><em><strong><img loading=\"lazy\" class=\"alignnone size-full wp-image-51669\" src=\"https:\/\/www.brazilianpress.com\/v1\/wp-content\/uploads\/2022\/04\/Foto-7-Quem-ficou-mais-Velhinho.jpg\" alt=\"\" width=\"578\" height=\"450\" srcset=\"https:\/\/www.brazilianpress.com\/v1\/wp-content\/uploads\/2022\/04\/Foto-7-Quem-ficou-mais-Velhinho.jpg 578w, https:\/\/www.brazilianpress.com\/v1\/wp-content\/uploads\/2022\/04\/Foto-7-Quem-ficou-mais-Velhinho-300x234.jpg 300w\" sizes=\"(max-width: 578px) 100vw, 578px\" \/><br \/>\nQuem ficou mais Velhinho foi nosso amigo de longa data, Ecio Arruda. Parab\u00e9ns\u00a0 amigo .<\/strong><\/em><\/p>\n<p><em><strong><img loading=\"lazy\" class=\"alignnone size-full wp-image-51670\" src=\"https:\/\/www.brazilianpress.com\/v1\/wp-content\/uploads\/2022\/04\/Foto-8-Parab\u00e9ns-Debora-na-foto-com-o-marido-Alessandro.jpg\" alt=\"\" width=\"659\" height=\"450\" srcset=\"https:\/\/www.brazilianpress.com\/v1\/wp-content\/uploads\/2022\/04\/Foto-8-Parab\u00e9ns-Debora-na-foto-com-o-marido-Alessandro.jpg 659w, https:\/\/www.brazilianpress.com\/v1\/wp-content\/uploads\/2022\/04\/Foto-8-Parab\u00e9ns-Debora-na-foto-com-o-marido-Alessandro-300x205.jpg 300w\" sizes=\"(max-width: 659px) 100vw, 659px\" \/><br \/>\nParab\u00e9ns Debora, na foto com o marido Alessandro. Nossos votos de muitas felicidades<\/strong><\/em><\/p>\n","protected":false},"excerpt":{"rendered":"<p>O Happy Birthday do m\u00eas vai para a bela\u00a0 Iasmini Oliveira que comemorou seu anivers\u00e1rio\u00a0 com muita anima\u00e7\u00e3o . Nossos votos de muitas felicidades e sucesso! Felicita\u00e7\u00f5es ao Pastor Gilson Brito, apresentador do &#8220;Voz da Profecia&#8221; na TV Novo Tempo, que esteve em Newark para Uma Semana especial de Evangelismo. Nossa Querida Heloisa Martins da Igreja Adventista de Rio Maria Para tamb\u00e9m esteve visitando-nos e aproveitou para cumprimentar o Irm\u00e3o e L\u00edder em Cristo. Caipira n\u00e3o pode ver um carro \u201cbonito\u201d que faz pose rapidinho para \u201ctirar um retrato\u201d! Olha ele ai, Pr.Marcelo de Souza. Curtindo o dia em fam\u00edlia, [&hellip;]<\/p>\n","protected":false},"author":1,"featured_media":51663,"comment_status":"open","ping_status":"closed","sticky":false,"template":"","format":"standard","meta":{"_links_to":"","_links_to_target":""},"categories":[3,1,6],"tags":[],"views":1936,"_links":{"self":[{"href":"https:\/\/www.brazilianpress.com\/v1\/wp-json\/wp\/v2\/posts\/51671"}],"collection":[{"href":"https:\/\/www.brazilianpress.com\/v1\/wp-json\/wp\/v2\/posts"}],"about":[{"href":"https:\/\/www.brazilianpress.com\/v1\/wp-json\/wp\/v2\/types\/post"}],"author":[{"embeddable":true,"href":"https:\/\/www.brazilianpress.com\/v1\/wp-json\/wp\/v2\/users\/1"}],"replies":[{"embeddable":true,"href":"https:\/\/www.brazilianpress.com\/v1\/wp-json\/wp\/v2\/comments?post=51671"}],"version-history":[{"count":1,"href":"https:\/\/www.brazilianpress.com\/v1\/wp-json\/wp\/v2\/posts\/51671\/revisions"}],"predecessor-version":[{"id":51672,"href":"https:\/\/www.brazilianpress.com\/v1\/wp-json\/wp\/v2\/posts\/51671\/revisions\/51672"}],"wp:featuredmedia":[{"embeddable":true,"href":"https:\/\/www.brazilianpress.com\/v1\/wp-json\/wp\/v2\/media\/51663"}],"wp:attachment":[{"href":"https:\/\/www.brazilianpress.com\/v1\/wp-json\/wp\/v2\/media?parent=51671"}],"wp:term":[{"taxonomy":"category","embeddable":true,"href":"https:\/\/www.brazilianpress.com\/v1\/wp-json\/wp\/v2\/categories?post=51671"},{"taxonomy":"post_tag","embeddable":true,"href":"https:\/\/www.brazilianpress.com\/v1\/wp-json\/wp\/v2\/tags?post=51671"}],"curies":[{"name":"wp","href":"https:\/\/api.w.org\/{rel}","templated":true}]}}