{"id":51673,"date":"2022-04-29T13:56:03","date_gmt":"2022-04-29T17:56:03","guid":{"rendered":"https:\/\/www.brazilianpress.com\/v1\/?p=51673"},"modified":"2022-04-29T13:56:03","modified_gmt":"2022-04-29T17:56:03","slug":"lea-campos-premio-gordo","status":"publish","type":"post","link":"https:\/\/www.brazilianpress.com\/v1\/2022\/04\/29\/lea-campos-premio-gordo\/","title":{"rendered":"L\u00e9a Campos: Pr\u00eamio Gordo"},"content":{"rendered":"<p><strong>Faltando poucas vagas, que ser\u00e3o disputadas na repescagem, os grupos da primeira fase j\u00e1 foram definidos. A FIFA acaba de divulgar os pr\u00eamios a serem pagos \u00e0s sele\u00e7\u00f5es por participarem da Copa do Mundo do Catar.<\/strong><\/p>\n<p>Ser\u00e3o distribu\u00eddos 440 milh\u00f5es de d\u00f3lares em pr\u00eamios, cabendo ao campe\u00e3o a bagatela de US$ 42 milh\u00f5es de d\u00f3lares. A vice campe\u00e3 receber\u00e1 US$ 30 milh\u00f5es, o terceiro colocado ficar\u00e1 com US$ 27 milh\u00f5es e o quarto lugar receber\u00e1 US$ 25 milh\u00f5es.<\/p>\n<p>As sele\u00e7\u00f5es que ocuparem entre o quinto e o oitavo lugar ser\u00e3o agraciadas com US$ 17 milh\u00f5es. Do nono ao d\u00e9cimo sexto receber\u00e3o US$ 13 milh\u00f5es, enquanto o restante dos participantes receber\u00e3o US$ 9 milh\u00f5es de d\u00f3lares.<\/p>\n<p>Como vimos vale a pena tanta briga pelo t\u00edtulo, assim como \u00e9 v\u00e1lida a luta para estar no Mundial de Sele\u00e7\u00f5oes, afinal n\u00e3o \u00e9 todo dia que caem US$ 9 milh\u00f5es ou mais nas contas das sele\u00e7\u00f5es.<\/p>\n<p>Al\u00e9m disso, cada sele\u00e7\u00e3o receber\u00e1 US$ 1,5 milh\u00e3o de d\u00f3lares para pagar as despesas geradas com a prepara\u00e7\u00e3ao para participar da competi\u00e7\u00e3o mais importante entre sele\u00e7\u00f5es de futebol do mundo.<\/p>\n<p>As tr\u00eas vagas que faltam para completar a lista de 32 participantes ser\u00e3o definidas no m\u00eas de junho.<\/p>\n<ul>\n<li>Como foi deliberado pela FIFA e pelo pais anfitri\u00e3o.<\/li>\n<li>A Copa ser\u00e1 jogada no final do ano, veja abaixo as datas:<\/li>\n<li>Fase de\u00a0grupos:\u00a021 de novembro a 2 de dezembro.<\/li>\n<li>Oitavas de\u00a0final: 3 de dezembro a 6 de dezembro.<\/li>\n<li>Quartas de final: 9 e 10 de dezembro.<\/li>\n<li>Semifinais: 13 e 14 de dezembro.<\/li>\n<li>Disputa de 3\u00ba lugar: 17 de dezembro.<\/li>\n<li>Final:\u00a018 de dezembro.<\/li>\n<\/ul>\n<p>O principal objetivo de alguns nem sempre \u00e9 vencer a competi\u00e7\u00e3o, os corruptos pensam mais na grana que embolsar\u00e3o, o t\u00edtulo \u00e9 secund\u00e1rio.<\/p>\n<p>O trof\u00e9u de campe\u00e3o n\u00e3o tem a import\u00e2ncia e o respeito devidos, se fossem importantes n\u00e3o teriam roubado a Jules Rimet (?). Ser\u00e1 que foi roubada mesmo? Nunca acreditei nesse conto.<\/p>\n<p>Agora o que nos resta \u00e9 esperar a chegada de novembro e torcer para que a melhor sele\u00e7\u00e3o saia vencedora.<\/p>\n<p><em>CR\u00c9DITOS DA FOTO: Gianni Infantino e o Emir do Catar Sheikh Tamim bin Hamad al-Thani durante o sorteio dos grupos da Copa do Mundo. Foto: Fran\u00e7ois-Xavier<\/em><\/p>\n","protected":false},"excerpt":{"rendered":"<p>Faltando poucas vagas, que ser\u00e3o disputadas na repescagem, os grupos da primeira fase j\u00e1 foram definidos. A FIFA acaba de divulgar os pr\u00eamios a serem pagos \u00e0s sele\u00e7\u00f5es por participarem da Copa do Mundo do Catar. Ser\u00e3o distribu\u00eddos 440 milh\u00f5es de d\u00f3lares em pr\u00eamios, cabendo ao campe\u00e3o a bagatela de US$ 42 milh\u00f5es de d\u00f3lares. A vice campe\u00e3 receber\u00e1 US$ 30 milh\u00f5es, o terceiro colocado ficar\u00e1 com US$ 27 milh\u00f5es e o quarto lugar receber\u00e1 US$ 25 milh\u00f5es. As sele\u00e7\u00f5es que ocuparem entre o quinto e o oitavo lugar ser\u00e3o agraciadas com US$ 17 milh\u00f5es. Do nono ao d\u00e9cimo sexto [&hellip;]<\/p>\n","protected":false},"author":1,"featured_media":51674,"comment_status":"open","ping_status":"closed","sticky":false,"template":"","format":"standard","meta":{"_links_to":"","_links_to_target":""},"categories":[15,1],"tags":[],"views":1147,"_links":{"self":[{"href":"https:\/\/www.brazilianpress.com\/v1\/wp-json\/wp\/v2\/posts\/51673"}],"collection":[{"href":"https:\/\/www.brazilianpress.com\/v1\/wp-json\/wp\/v2\/posts"}],"about":[{"href":"https:\/\/www.brazilianpress.com\/v1\/wp-json\/wp\/v2\/types\/post"}],"author":[{"embeddable":true,"href":"https:\/\/www.brazilianpress.com\/v1\/wp-json\/wp\/v2\/users\/1"}],"replies":[{"embeddable":true,"href":"https:\/\/www.brazilianpress.com\/v1\/wp-json\/wp\/v2\/comments?post=51673"}],"version-history":[{"count":1,"href":"https:\/\/www.brazilianpress.com\/v1\/wp-json\/wp\/v2\/posts\/51673\/revisions"}],"predecessor-version":[{"id":51675,"href":"https:\/\/www.brazilianpress.com\/v1\/wp-json\/wp\/v2\/posts\/51673\/revisions\/51675"}],"wp:featuredmedia":[{"embeddable":true,"href":"https:\/\/www.brazilianpress.com\/v1\/wp-json\/wp\/v2\/media\/51674"}],"wp:attachment":[{"href":"https:\/\/www.brazilianpress.com\/v1\/wp-json\/wp\/v2\/media?parent=51673"}],"wp:term":[{"taxonomy":"category","embeddable":true,"href":"https:\/\/www.brazilianpress.com\/v1\/wp-json\/wp\/v2\/categories?post=51673"},{"taxonomy":"post_tag","embeddable":true,"href":"https:\/\/www.brazilianpress.com\/v1\/wp-json\/wp\/v2\/tags?post=51673"}],"curies":[{"name":"wp","href":"https:\/\/api.w.org\/{rel}","templated":true}]}}