{"id":51702,"date":"2022-04-29T14:34:04","date_gmt":"2022-04-29T18:34:04","guid":{"rendered":"https:\/\/www.brazilianpress.com\/v1\/?p=51702"},"modified":"2022-04-29T14:34:04","modified_gmt":"2022-04-29T18:34:04","slug":"devido-ao-termino-do-titulo-42-imigracao-tem-novo-plano-migratorio-para-fronteiras","status":"publish","type":"post","link":"https:\/\/www.brazilianpress.com\/v1\/2022\/04\/29\/devido-ao-termino-do-titulo-42-imigracao-tem-novo-plano-migratorio-para-fronteiras\/","title":{"rendered":"Devido ao t\u00e9rmino do T\u00edtulo 42 imigra\u00e7\u00e3o tem novo plano migrat\u00f3rio para fronteiras"},"content":{"rendered":"<p><strong>O governo do presidente dos Estados Unidos, Joe Biden, apresentou na ter\u00e7a-feira um plano migrat\u00f3rio para fortalecer a fronteira, dada a poss\u00edvel rescis\u00e3o em maio do regulamento sanit\u00e1rio pelo qual ele vem expulsando imigrantes indocumentados durante a pandemia.<\/strong><\/p>\n<p>O governo federal lan\u00e7ou esta iniciativa de imigra\u00e7\u00e3o de seis pontos, apesar do fato de que na segunda-feira um juiz federal da Lousiana anunciou que bloquearia\u00a0a decis\u00e3o do governo de encerrar o T\u00edtulo 42 em 23 de maio.<\/p>\n<p>O referido t\u00edtulo \u00e9 uma medida protegida pela pandemia que os Centros de Controle e Preven\u00e7\u00e3o de Doen\u00e7as (CDC) impuseram em 2020, durante o mandato de Donald Trump, e que continuou sob Biden.<\/p>\n<p>Explicaram tamb\u00e9m que, uma vez levantado o T\u00edtulo 42, o governo pretende &#8220;expandir significativamente&#8221; as remo\u00e7\u00f5es r\u00e1pidas na fronteira atrav\u00e9s do T\u00edtulo 8, que \u00e9 o padr\u00e3o pelo qual os Estados Unidos realizam deporta\u00e7\u00f5es.<\/p>\n<p>A amplia\u00e7\u00e3o destas r\u00e1pidas expuls\u00f5es de imigrantes indocumentados \u00e9 um dos pilares do plano apresentado na ter\u00e7a-feira, que tamb\u00e9m contempla um refor\u00e7o das tropas destacadas na fronteira, com o acr\u00e9scimo de mais 600 para o Servi\u00e7o de Alf\u00e2ndega e Prote\u00e7\u00e3o de Fronteiras (CBP, pela sigla em ingl\u00eas).<\/p>\n<p>Outro pilar da iniciativa \u00e9 melhorar a efici\u00eancia e o processamento de casos de migrantes na fronteira \u201cpara mitigar a satura\u00e7\u00e3o das esta\u00e7\u00f5es de patrulhamento fronteiri\u00e7o e aliviar a carga sobre as comunidades vizinhas\u201d, disse um dos funcion\u00e1rios.<\/p>\n<p>O governo quer fazer isso centralizando os esfor\u00e7os realizados por v\u00e1rios \u00f3rg\u00e3os governamentais e modernizando procedimentos com o uso de ferramentas digitais.<\/p>\n<p>Outro ponto do plano \u00e9 refor\u00e7ar o trabalho com as ONGs para que possam acolher os migrantes depois que seus casos forem processados \u200b\u200bpelo CBP e estiverem aguardando uma decis\u00e3o sobre se podem permanecer nos Estados Unidos ou serem expulsos.<\/p>\n<p>O governo Biden acrescentou que desde este m\u00eas intensificou seus esfor\u00e7os contra as redes de tr\u00e1fico de pessoas, que, segundo seus dados, resultaram em mais de 2.500 pris\u00f5es, investiga\u00e7\u00f5es e desmantelamento de sua infraestrutura.<\/p>\n<p>Da mesma forma, o governo dos EUA est\u00e1 trabalhando com seus aliados na regi\u00e3o &#8220;para criar uma abordagem mais coesa e global&#8221; para gerenciar os fluxos migrat\u00f3rios no continente e lembrou que nos \u00faltimos dois meses assinou acordos com Costa Rica e Panam\u00e1 e coopera perto do M\u00e9xico.<\/p>\n","protected":false},"excerpt":{"rendered":"<p>O governo do presidente dos Estados Unidos, Joe Biden, apresentou na ter\u00e7a-feira um plano migrat\u00f3rio para fortalecer a fronteira, dada a poss\u00edvel rescis\u00e3o em maio do regulamento sanit\u00e1rio pelo qual ele vem expulsando imigrantes indocumentados durante a pandemia. O governo federal lan\u00e7ou esta iniciativa de imigra\u00e7\u00e3o de seis pontos, apesar do fato de que na segunda-feira um juiz federal da Lousiana anunciou que bloquearia\u00a0a decis\u00e3o do governo de encerrar o T\u00edtulo 42 em 23 de maio. O referido t\u00edtulo \u00e9 uma medida protegida pela pandemia que os Centros de Controle e Preven\u00e7\u00e3o de Doen\u00e7as (CDC) impuseram em 2020, durante o [&hellip;]<\/p>\n","protected":false},"author":1,"featured_media":47919,"comment_status":"open","ping_status":"closed","sticky":false,"template":"","format":"standard","meta":{"_links_to":"","_links_to_target":""},"categories":[3,1,10],"tags":[],"views":1051,"_links":{"self":[{"href":"https:\/\/www.brazilianpress.com\/v1\/wp-json\/wp\/v2\/posts\/51702"}],"collection":[{"href":"https:\/\/www.brazilianpress.com\/v1\/wp-json\/wp\/v2\/posts"}],"about":[{"href":"https:\/\/www.brazilianpress.com\/v1\/wp-json\/wp\/v2\/types\/post"}],"author":[{"embeddable":true,"href":"https:\/\/www.brazilianpress.com\/v1\/wp-json\/wp\/v2\/users\/1"}],"replies":[{"embeddable":true,"href":"https:\/\/www.brazilianpress.com\/v1\/wp-json\/wp\/v2\/comments?post=51702"}],"version-history":[{"count":1,"href":"https:\/\/www.brazilianpress.com\/v1\/wp-json\/wp\/v2\/posts\/51702\/revisions"}],"predecessor-version":[{"id":51703,"href":"https:\/\/www.brazilianpress.com\/v1\/wp-json\/wp\/v2\/posts\/51702\/revisions\/51703"}],"wp:featuredmedia":[{"embeddable":true,"href":"https:\/\/www.brazilianpress.com\/v1\/wp-json\/wp\/v2\/media\/47919"}],"wp:attachment":[{"href":"https:\/\/www.brazilianpress.com\/v1\/wp-json\/wp\/v2\/media?parent=51702"}],"wp:term":[{"taxonomy":"category","embeddable":true,"href":"https:\/\/www.brazilianpress.com\/v1\/wp-json\/wp\/v2\/categories?post=51702"},{"taxonomy":"post_tag","embeddable":true,"href":"https:\/\/www.brazilianpress.com\/v1\/wp-json\/wp\/v2\/tags?post=51702"}],"curies":[{"name":"wp","href":"https:\/\/api.w.org\/{rel}","templated":true}]}}