{"id":51704,"date":"2022-04-30T10:12:59","date_gmt":"2022-04-30T14:12:59","guid":{"rendered":"https:\/\/www.brazilianpress.com\/v1\/?p=51704"},"modified":"2022-04-30T10:12:59","modified_gmt":"2022-04-30T14:12:59","slug":"voo-hotel-treino-jogo-atletico-mg-emenda-viagens-e-terminara-abril-com-apenas-uma-folga","status":"publish","type":"post","link":"https:\/\/www.brazilianpress.com\/v1\/2022\/04\/30\/voo-hotel-treino-jogo-atletico-mg-emenda-viagens-e-terminara-abril-com-apenas-uma-folga\/","title":{"rendered":"Voo, hotel, treino, jogo: Atl\u00e9tico-MG emenda viagens e terminar\u00e1 abril com apenas uma folga"},"content":{"rendered":"<p><strong>H\u00e1 treinos, muitos jogos, viagens atr\u00e1s de viagens, aeroporto e hotel, mas pouca folga na alucinante maratona do futebol brasileiro. No caso do\u00a0Atl\u00e9tico-MG, o m\u00eas de abril ir\u00e1 fechar com apenas um dia sem atividades do elenco profissional. E foi em 3 de abril, l\u00e1 atr\u00e1s.<\/strong><\/p>\n<p>Ap\u00f3s o t\u00edtulo do Campeonato Mineiro contra o Cruzeiro, realizado num s\u00e1bado (2\/4), o elenco ganhou descanso no domingo seguinte. Depois, come\u00e7ou o &#8220;batid\u00e3o&#8221; de 2022. Viagem para Ibagu\u00e9, na Col\u00f4mbia, depois jogo do Brasileiro contra o Athletico-PR, no Paran\u00e9, e agora a viagem ao Equador.<\/p>\n<p>O Galo volta de Sangolqu\u00ed, cidade do Independiente del Valle, para chegar a Belo Horizonte \u00e0s 22h30 (de Bras\u00edlia) desta quarta-feira. Na quinta-feira, reapresenta\u00e7\u00e3o na Cidade do Galo. Na sexta-feira, adivinhem? Treino pela manh\u00e3 e viagem at\u00e9 Goi\u00e2nia. S\u00e1bado, enfrenta o Goi\u00e1s. No domingo? Treino.<\/p>\n<p>Semana que vem \u00e9 hora de Libertadores outra vez, dia 3 de maio, contra o Am\u00e9rica-MG, no Independ\u00eancia. Ent\u00e3o, um maio com menos sufoco no calend\u00e1rio. O Galo enfrentar\u00e1 o Coelho tamb\u00e9m no Brasileiro, al\u00e9m de jogos no Mineir\u00e3o contra Del Valle e Tolima para fechar a fase de grupos.<\/p>\n<p>Ir\u00e1 viajar no pr\u00f3ximo m\u00eas para encarar o RB Bragantino, provavelmente em 11 de maio, e depois o Brasiliense pela volta da\u00a0Copa do Brasil, em Bras\u00edlia, no dia 22. Pelo Brasileiro, haver\u00e1 Atl\u00e9tico-GO e Ava\u00ed em casa. Junho chegar\u00e1 com o desafio contra o Palmeiras nos pontos corridos (viagem para S\u00e3o Paulo).<\/p>\n<p>Hulk disse, ap\u00f3s o Campeonato Mineiro: a temporada come\u00e7a agora para o\u00a0Atl\u00e9tico-MG. As grandes ambi\u00e7\u00f5es de 2022 exigem qualidade t\u00e9cnica, f\u00edsica e, tamb\u00e9m, uma concentra\u00e7\u00e3o mental contra os desgastes extracampo.<\/p>\n<p>&#8211; Vamos ter a felicidade agora de pegar tr\u00eas jogos consecutivos em casa na Libertadores. At\u00e9 porque a viagem \u00e9 bastante cansativa pra gente que est\u00e1 jogando a cada tr\u00eas ou quatro dias. Ter esses tr\u00eas jogos em casa &#8211; claro que tem o no campo do Am\u00e9rica, mas \u00e9 em BH e, portanto, estamos em casa. Vamos ter dois jogos diante da nossa torcida, o que \u00e9 muito importante. Vamos focar bastante para se Deus quiser conseguirmos nosso objetivo que \u00e9 classificar em primeiro &#8211; analisou o camisa 7.<\/p>\n","protected":false},"excerpt":{"rendered":"<p>H\u00e1 treinos, muitos jogos, viagens atr\u00e1s de viagens, aeroporto e hotel, mas pouca folga na alucinante maratona do futebol brasileiro. No caso do\u00a0Atl\u00e9tico-MG, o m\u00eas de abril ir\u00e1 fechar com apenas um dia sem atividades do elenco profissional. E foi em 3 de abril, l\u00e1 atr\u00e1s. Ap\u00f3s o t\u00edtulo do Campeonato Mineiro contra o Cruzeiro, realizado num s\u00e1bado (2\/4), o elenco ganhou descanso no domingo seguinte. Depois, come\u00e7ou o &#8220;batid\u00e3o&#8221; de 2022. Viagem para Ibagu\u00e9, na Col\u00f4mbia, depois jogo do Brasileiro contra o Athletico-PR, no Paran\u00e9, e agora a viagem ao Equador. O Galo volta de Sangolqu\u00ed, cidade do Independiente [&hellip;]<\/p>\n","protected":false},"author":1,"featured_media":51705,"comment_status":"open","ping_status":"closed","sticky":false,"template":"","format":"standard","meta":{"_links_to":"","_links_to_target":""},"categories":[9,1],"tags":[],"views":850,"_links":{"self":[{"href":"https:\/\/www.brazilianpress.com\/v1\/wp-json\/wp\/v2\/posts\/51704"}],"collection":[{"href":"https:\/\/www.brazilianpress.com\/v1\/wp-json\/wp\/v2\/posts"}],"about":[{"href":"https:\/\/www.brazilianpress.com\/v1\/wp-json\/wp\/v2\/types\/post"}],"author":[{"embeddable":true,"href":"https:\/\/www.brazilianpress.com\/v1\/wp-json\/wp\/v2\/users\/1"}],"replies":[{"embeddable":true,"href":"https:\/\/www.brazilianpress.com\/v1\/wp-json\/wp\/v2\/comments?post=51704"}],"version-history":[{"count":1,"href":"https:\/\/www.brazilianpress.com\/v1\/wp-json\/wp\/v2\/posts\/51704\/revisions"}],"predecessor-version":[{"id":51706,"href":"https:\/\/www.brazilianpress.com\/v1\/wp-json\/wp\/v2\/posts\/51704\/revisions\/51706"}],"wp:featuredmedia":[{"embeddable":true,"href":"https:\/\/www.brazilianpress.com\/v1\/wp-json\/wp\/v2\/media\/51705"}],"wp:attachment":[{"href":"https:\/\/www.brazilianpress.com\/v1\/wp-json\/wp\/v2\/media?parent=51704"}],"wp:term":[{"taxonomy":"category","embeddable":true,"href":"https:\/\/www.brazilianpress.com\/v1\/wp-json\/wp\/v2\/categories?post=51704"},{"taxonomy":"post_tag","embeddable":true,"href":"https:\/\/www.brazilianpress.com\/v1\/wp-json\/wp\/v2\/tags?post=51704"}],"curies":[{"name":"wp","href":"https:\/\/api.w.org\/{rel}","templated":true}]}}