{"id":51716,"date":"2022-04-30T10:21:28","date_gmt":"2022-04-30T14:21:28","guid":{"rendered":"https:\/\/www.brazilianpress.com\/v1\/?p=51716"},"modified":"2022-04-30T10:21:28","modified_gmt":"2022-04-30T14:21:28","slug":"new-york-e-new-jersey-tem-recordes-historicos-de-incidentes-antissemitas","status":"publish","type":"post","link":"https:\/\/www.brazilianpress.com\/v1\/2022\/04\/30\/new-york-e-new-jersey-tem-recordes-historicos-de-incidentes-antissemitas\/","title":{"rendered":"New York e New Jersey t\u00eam recordes hist\u00f3ricos de incidentes antissemitas"},"content":{"rendered":"<p><strong>Os incidentes antissemitas nos Estados Unidos atingiram um recorde hist\u00f3rico em 2021, com New York e New Jersey respondendo por quase 30% do total relatado, disse a Liga Antidifama\u00e7\u00e3o (ADL) na ter\u00e7a-feira.<\/strong><\/p>\n<p>Incidentes &#8211; como vandalismo, ass\u00e9dio e agress\u00e3o &#8211; aumentaram acentuadamente no ano passado, disse a ADL em seu resumo anual, com base na flexibiliza\u00e7\u00e3o das restri\u00e7\u00f5es da pandemia, mas tamb\u00e9m na rea\u00e7\u00e3o aos ataques a\u00e9reos israelenses na Faixa de Gaza em maio de 2021.<\/p>\n<p>A ADL registrou 416 incidentes em New York em 2021, incluindo um recorde de 51 agress\u00f5es, a maioria no Brooklyn.\u00a0O grupo relatou outros 370 incidentes totais em Nova Jersey, tamb\u00e9m um recorde.<\/p>\n<p>\u201cO aumento alarmante de incidentes antissemitas em nosso estado deve ser uma preocupa\u00e7\u00e3o profunda para todos, judeus e pessoas de fora da comunidade judaica\u201d, disse Scott Richman, diretor regional da ADL para Nova York e Nova Jersey, em comunicado.\u00a0&#8220;O fato de que esses incidentes inclu\u00edram um n\u00famero sem precedentes de ataques violentos, muitas vezes dirigidos a judeus vis\u00edveis nas ruas de Nova York, incluindo crian\u00e7as pequenas, \u00e9 incrivelmente perturbador&#8221;.<\/p>\n<p>O aumento de incidentes antissemitas reflete uma tend\u00eancia mais ampla na cidade: os crimes de \u00f3dio aumentaram 24% nos primeiros quatro meses de 2021 em compara\u00e7\u00e3o com o mesmo per\u00edodo de 2020 e aumentaram outros 32% no mesmo per\u00edodo deste ano, segundo dados da pol\u00edcia de New York.<\/p>\n","protected":false},"excerpt":{"rendered":"<p>Os incidentes antissemitas nos Estados Unidos atingiram um recorde hist\u00f3rico em 2021, com New York e New Jersey respondendo por quase 30% do total relatado, disse a Liga Antidifama\u00e7\u00e3o (ADL) na ter\u00e7a-feira. Incidentes &#8211; como vandalismo, ass\u00e9dio e agress\u00e3o &#8211; aumentaram acentuadamente no ano passado, disse a ADL em seu resumo anual, com base na flexibiliza\u00e7\u00e3o das restri\u00e7\u00f5es da pandemia, mas tamb\u00e9m na rea\u00e7\u00e3o aos ataques a\u00e9reos israelenses na Faixa de Gaza em maio de 2021. A ADL registrou 416 incidentes em New York em 2021, incluindo um recorde de 51 agress\u00f5es, a maioria no Brooklyn.\u00a0O grupo relatou outros 370 [&hellip;]<\/p>\n","protected":false},"author":1,"featured_media":30524,"comment_status":"open","ping_status":"closed","sticky":false,"template":"","format":"standard","meta":{"_links_to":"","_links_to_target":""},"categories":[1,10],"tags":[],"views":1030,"_links":{"self":[{"href":"https:\/\/www.brazilianpress.com\/v1\/wp-json\/wp\/v2\/posts\/51716"}],"collection":[{"href":"https:\/\/www.brazilianpress.com\/v1\/wp-json\/wp\/v2\/posts"}],"about":[{"href":"https:\/\/www.brazilianpress.com\/v1\/wp-json\/wp\/v2\/types\/post"}],"author":[{"embeddable":true,"href":"https:\/\/www.brazilianpress.com\/v1\/wp-json\/wp\/v2\/users\/1"}],"replies":[{"embeddable":true,"href":"https:\/\/www.brazilianpress.com\/v1\/wp-json\/wp\/v2\/comments?post=51716"}],"version-history":[{"count":1,"href":"https:\/\/www.brazilianpress.com\/v1\/wp-json\/wp\/v2\/posts\/51716\/revisions"}],"predecessor-version":[{"id":51717,"href":"https:\/\/www.brazilianpress.com\/v1\/wp-json\/wp\/v2\/posts\/51716\/revisions\/51717"}],"wp:featuredmedia":[{"embeddable":true,"href":"https:\/\/www.brazilianpress.com\/v1\/wp-json\/wp\/v2\/media\/30524"}],"wp:attachment":[{"href":"https:\/\/www.brazilianpress.com\/v1\/wp-json\/wp\/v2\/media?parent=51716"}],"wp:term":[{"taxonomy":"category","embeddable":true,"href":"https:\/\/www.brazilianpress.com\/v1\/wp-json\/wp\/v2\/categories?post=51716"},{"taxonomy":"post_tag","embeddable":true,"href":"https:\/\/www.brazilianpress.com\/v1\/wp-json\/wp\/v2\/tags?post=51716"}],"curies":[{"name":"wp","href":"https:\/\/api.w.org\/{rel}","templated":true}]}}