{"id":51725,"date":"2022-05-01T10:23:42","date_gmt":"2022-05-01T14:23:42","guid":{"rendered":"https:\/\/www.brazilianpress.com\/v1\/?p=51725"},"modified":"2022-05-01T10:24:00","modified_gmt":"2022-05-01T14:24:00","slug":"jovem-e-preso-na-florida-suspeito-de-matar-a-mae-brasileira","status":"publish","type":"post","link":"https:\/\/www.brazilianpress.com\/v1\/2022\/05\/01\/jovem-e-preso-na-florida-suspeito-de-matar-a-mae-brasileira\/","title":{"rendered":"Jovem \u00e9 preso na Florida suspeito de matar a m\u00e3e brasileira"},"content":{"rendered":"<p><strong>A brasileira Adriana Ohlson, 48, morreu ap\u00f3s ser baleada pelo pr\u00f3prio filho, David Allan Ohlson, na cidade de Pensacola, Fl\u00f3rida, nos Estados Unidos, segundo a pol\u00edcia. O caso aconteceu no in\u00edcio do m\u00eas, e o jovem de 18 anos est\u00e1 preso desde ent\u00e3o. Na sexta-feira (29), ele se declarou inocente das acusa\u00e7\u00f5es de homic\u00eddio, e sua advogada entrou com uma peti\u00e7\u00e3o para exigir um julgamento com j\u00fari.<\/strong><\/p>\n<p>Segundo publicado pelo Pensacola News Journal, Ohlson admitiu \u00e0 pol\u00edcia que atirou e matou sua m\u00e3e por volta da 1h do dia 8 de abril. O caso aconteceu na casa em que ambos moravam, em Bellview. Em depoimento, ele tamb\u00e9m disse que &#8220;de todas as pessoas em que planejava atirar, n\u00e3o esperava que sua m\u00e3e fosse uma delas&#8221;.<\/p>\n<p><img src=\"https:\/\/jpimg.com.br\/uploads\/2022\/04\/mae-e-filho-750x500.jpg\" alt=\"Brasileira \u00e9 baleada pelo filho e morre nos EUA; m\u00e3e dela n\u00e3o consegue visto para ir ao funeral | Jovem Pan\" \/><\/p>\n<p>David Aaron Ohlson, 43, pai de David, foi quem ligou para a pol\u00edcia naquele dia para relatar o ocorrido, ainda de acordo com a m\u00eddia local. Na ocasi\u00e3o, ele confirmou que seu filho havia atirado em Adriana, sua mulher, mas disse que o disparo foi &#8220;acidental&#8221;. Quando os policiais chegaram \u00e0 casa em Bellview, encontraram a brasileira no ch\u00e3o da sala de estar, com um ferimento \u00e0 bala no abd\u00f4men. Ela foi levada ao hospital, mas morreu durante cirurgia. Aaron contou \u00e0 pol\u00edcia que estava morando na casa de parentes, j\u00e1 que ele e Adriana haviam se separado tr\u00eas semanas antes do ocorrido. Ele afirmou ter recebido uma liga\u00e7\u00e3o da mulher por volta de 0h30 \u2014portanto, meia hora antes do suposto crime\u2014, dizendo que o filho estava agindo de forma &#8220;estranha&#8221; e mencionando uma arma.<\/p>\n<p><img src=\"https:\/\/midias.gazetanews.com\/_midias\/jpg\/2022\/04\/29\/adriana_gofundme-812257.jpg\" alt=\"Brasileira morre atingida por tiro disparado pelo filho em Pensacola (FL)\" \/><\/p>\n<p>Aaron, ent\u00e3o, dirigiu at\u00e9 a casa em Bellview. No meio do caminho, Adriana lhe telefonou de novo, desta vez para dizer que &#8220;as coisas haviam se acalmado&#8221;, segundo disse o pai de David \u00e0 pol\u00edcia. Ele tamb\u00e9m relatou que, quando chegou ao local, viu Adriana em p\u00e9 na sala de estar, al\u00e9m de David. O filho estava sentado de pernas cruzadas no ch\u00e3o. Foi a\u00ed que o jovem levantou a arma, apontando primeiro para o pai, depois para a m\u00e3e. De acordo com Aaron, o tiro foi disparado logo em seguida. &#8220;O pai pegou a arma e a guardou dentro de sua caminhonete, do lado de fora da casa, voltou e ligou para a pol\u00edcia&#8221;, escreveu a pol\u00edcia no relat\u00f3rio. &#8220;O pai pegou a arma e a guardou dentro de sua caminhonete, do lado de fora da casa, voltou e ligou para a pol\u00edcia&#8221;, escreveu a pol\u00edcia no relat\u00f3rio. &#8220;O pai disse que David Allan Ohlson tem alguns problemas psicol\u00f3gicos, mas que n\u00e3o sabe exatamente quais seriam esses problemas&#8221;.<\/p>\n<p><img src=\"https:\/\/midias.correiobraziliense.com.br\/_midias\/jpg\/2022\/04\/29\/275490263_3244433452443388_8838757464321012660_n-7876843.jpg?20220429225909\" alt=\"Brasileira morre ao ser baleada pelo pr\u00f3prio filho nos Estados Unidos\" \/><\/p>\n<p>Segundo a \u00faltima movimenta\u00e7\u00e3o no processo, a Procuradoria-Geral do Estado da Fl\u00f3rida acredita que David Ohlson matou sua m\u00e3e, mas n\u00e3o de forma &#8220;premeditada&#8221;. Os procuradores tamb\u00e9m entraram com um pedido para que David &#8220;apresente evid\u00eancias de qualquer \u00e1libi&#8221; em sua defesa. A data do pr\u00f3ximo julgamento ainda n\u00e3o foi definida. O funeral de Adriana aconteceu em 22 de abril, segundo postagens de Aaron no Facebook reproduzidas pelo Pensacola News Journal. A maior parte da cerim\u00f4nia foi feita em ingl\u00eas e portugu\u00eas. Amigos e familiares contaram que ela era natural do Recife, onde ainda tinha muitos parentes. Em 26 de dezembro do ano passado, ela e Aaron haviam comemorado 20 anos de casados.<\/p>\n","protected":false},"excerpt":{"rendered":"<p>A brasileira Adriana Ohlson, 48, morreu ap\u00f3s ser baleada pelo pr\u00f3prio filho, David Allan Ohlson, na cidade de Pensacola, Fl\u00f3rida, nos Estados Unidos, segundo a pol\u00edcia. O caso aconteceu no in\u00edcio do m\u00eas, e o jovem de 18 anos est\u00e1 preso desde ent\u00e3o. Na sexta-feira (29), ele se declarou inocente das acusa\u00e7\u00f5es de homic\u00eddio, e sua advogada entrou com uma peti\u00e7\u00e3o para exigir um julgamento com j\u00fari. Segundo publicado pelo Pensacola News Journal, Ohlson admitiu \u00e0 pol\u00edcia que atirou e matou sua m\u00e3e por volta da 1h do dia 8 de abril. O caso aconteceu na casa em que ambos [&hellip;]<\/p>\n","protected":false},"author":1,"featured_media":51726,"comment_status":"open","ping_status":"closed","sticky":false,"template":"","format":"standard","meta":{"_links_to":"","_links_to_target":""},"categories":[4,3,1],"tags":[],"views":1271,"_links":{"self":[{"href":"https:\/\/www.brazilianpress.com\/v1\/wp-json\/wp\/v2\/posts\/51725"}],"collection":[{"href":"https:\/\/www.brazilianpress.com\/v1\/wp-json\/wp\/v2\/posts"}],"about":[{"href":"https:\/\/www.brazilianpress.com\/v1\/wp-json\/wp\/v2\/types\/post"}],"author":[{"embeddable":true,"href":"https:\/\/www.brazilianpress.com\/v1\/wp-json\/wp\/v2\/users\/1"}],"replies":[{"embeddable":true,"href":"https:\/\/www.brazilianpress.com\/v1\/wp-json\/wp\/v2\/comments?post=51725"}],"version-history":[{"count":2,"href":"https:\/\/www.brazilianpress.com\/v1\/wp-json\/wp\/v2\/posts\/51725\/revisions"}],"predecessor-version":[{"id":51728,"href":"https:\/\/www.brazilianpress.com\/v1\/wp-json\/wp\/v2\/posts\/51725\/revisions\/51728"}],"wp:featuredmedia":[{"embeddable":true,"href":"https:\/\/www.brazilianpress.com\/v1\/wp-json\/wp\/v2\/media\/51726"}],"wp:attachment":[{"href":"https:\/\/www.brazilianpress.com\/v1\/wp-json\/wp\/v2\/media?parent=51725"}],"wp:term":[{"taxonomy":"category","embeddable":true,"href":"https:\/\/www.brazilianpress.com\/v1\/wp-json\/wp\/v2\/categories?post=51725"},{"taxonomy":"post_tag","embeddable":true,"href":"https:\/\/www.brazilianpress.com\/v1\/wp-json\/wp\/v2\/tags?post=51725"}],"curies":[{"name":"wp","href":"https:\/\/api.w.org\/{rel}","templated":true}]}}