{"id":52017,"date":"2022-05-31T19:43:36","date_gmt":"2022-05-31T23:43:36","guid":{"rendered":"https:\/\/www.brazilianpress.com\/v1\/?p=52017"},"modified":"2022-05-31T19:43:36","modified_gmt":"2022-05-31T23:43:36","slug":"menino-de-10-anos-e-preso-na-florida-apos-ameacar-fazer-ataque-a-tiros-em-escola","status":"publish","type":"post","link":"https:\/\/www.brazilianpress.com\/v1\/2022\/05\/31\/menino-de-10-anos-e-preso-na-florida-apos-ameacar-fazer-ataque-a-tiros-em-escola\/","title":{"rendered":"Menino de 10 anos \u00e9 preso na Fl\u00f3rida ap\u00f3s amea\u00e7ar fazer ataque a tiros em escola"},"content":{"rendered":"<p><strong>Um menino de 10 anos foi preso ap\u00f3s enviar mensagens de texto em que fazia amea\u00e7as de que realizaria um tiroteio em massa em uma escola na Fl\u00f3rida, nos Estados Unidos. Em uma das mensagens apareciam fotos de d\u00f3lar e quatro fuzis AR15 com o seguinte texto: \u201cEu enganei meu amigo e comprei isso. Se preparem.\u201d<\/strong><\/p>\n<p>Ap\u00f3s investiga\u00e7\u00e3o, o estudante foi algemado e levado para uma deten\u00e7\u00e3o juvenil. Apesar da pouca idade, a lei federal dos Estados Unidos \u00e9 clara: mesmo menor de idade, ele pode responder por amea\u00e7a de terrorismo, exatamente como um adulto. Os pais dele tamb\u00e9m devem ser indiciados Apesar da lei variar em cada estado, para alguns crimes, n\u00e3o h\u00e1 idade m\u00ednima no pa\u00eds.<\/p>\n<p>O xerife respons\u00e1vel pela pris\u00e3o do menino disse que uma crian\u00e7a puxando o gatilho gera o mesmo resultado de um adulto. Desde o ataque numa escola do Texas que deixou 22 mortos na semana passada, o n\u00edvel de alerta na seguran\u00e7a aumentou e qualquer amea\u00e7a est\u00e1 sendo levada muita a s\u00e9rio. Hoje a comunidade de Uvalde come\u00e7ou a sepultar as 21 crian\u00e7as e professoras que foram v\u00edtimas do ataque a tiros. Desde a trag\u00e9dia no estado texano, outros 15 tiroteios em massa j\u00e1 foram registrados nos Estados Unidos. Onze pessoas morreram. Mas apesar das promessas feitas, nenhuma lei para restringir o acesso a armas foi aprovada no congresso americano.<\/p>\n","protected":false},"excerpt":{"rendered":"<p>Um menino de 10 anos foi preso ap\u00f3s enviar mensagens de texto em que fazia amea\u00e7as de que realizaria um tiroteio em massa em uma escola na Fl\u00f3rida, nos Estados Unidos. Em uma das mensagens apareciam fotos de d\u00f3lar e quatro fuzis AR15 com o seguinte texto: \u201cEu enganei meu amigo e comprei isso. Se preparem.\u201d Ap\u00f3s investiga\u00e7\u00e3o, o estudante foi algemado e levado para uma deten\u00e7\u00e3o juvenil. Apesar da pouca idade, a lei federal dos Estados Unidos \u00e9 clara: mesmo menor de idade, ele pode responder por amea\u00e7a de terrorismo, exatamente como um adulto. Os pais dele tamb\u00e9m devem [&hellip;]<\/p>\n","protected":false},"author":1,"featured_media":52018,"comment_status":"open","ping_status":"closed","sticky":false,"template":"","format":"standard","meta":{"_links_to":"","_links_to_target":""},"categories":[3,1,10],"tags":[],"views":3052,"_links":{"self":[{"href":"https:\/\/www.brazilianpress.com\/v1\/wp-json\/wp\/v2\/posts\/52017"}],"collection":[{"href":"https:\/\/www.brazilianpress.com\/v1\/wp-json\/wp\/v2\/posts"}],"about":[{"href":"https:\/\/www.brazilianpress.com\/v1\/wp-json\/wp\/v2\/types\/post"}],"author":[{"embeddable":true,"href":"https:\/\/www.brazilianpress.com\/v1\/wp-json\/wp\/v2\/users\/1"}],"replies":[{"embeddable":true,"href":"https:\/\/www.brazilianpress.com\/v1\/wp-json\/wp\/v2\/comments?post=52017"}],"version-history":[{"count":1,"href":"https:\/\/www.brazilianpress.com\/v1\/wp-json\/wp\/v2\/posts\/52017\/revisions"}],"predecessor-version":[{"id":52019,"href":"https:\/\/www.brazilianpress.com\/v1\/wp-json\/wp\/v2\/posts\/52017\/revisions\/52019"}],"wp:featuredmedia":[{"embeddable":true,"href":"https:\/\/www.brazilianpress.com\/v1\/wp-json\/wp\/v2\/media\/52018"}],"wp:attachment":[{"href":"https:\/\/www.brazilianpress.com\/v1\/wp-json\/wp\/v2\/media?parent=52017"}],"wp:term":[{"taxonomy":"category","embeddable":true,"href":"https:\/\/www.brazilianpress.com\/v1\/wp-json\/wp\/v2\/categories?post=52017"},{"taxonomy":"post_tag","embeddable":true,"href":"https:\/\/www.brazilianpress.com\/v1\/wp-json\/wp\/v2\/tags?post=52017"}],"curies":[{"name":"wp","href":"https:\/\/api.w.org\/{rel}","templated":true}]}}