{"id":52024,"date":"2022-06-01T19:28:18","date_gmt":"2022-06-01T23:28:18","guid":{"rendered":"https:\/\/www.brazilianpress.com\/v1\/?p=52024"},"modified":"2022-06-01T19:28:18","modified_gmt":"2022-06-01T23:28:18","slug":"eua-querem-dividir-responsabilidade-sobre-fluxo-migratorio-incluindo-com-brasil","status":"publish","type":"post","link":"https:\/\/www.brazilianpress.com\/v1\/2022\/06\/01\/eua-querem-dividir-responsabilidade-sobre-fluxo-migratorio-incluindo-com-brasil\/","title":{"rendered":"EUA querem &#8216;dividir responsabilidade&#8217; sobre fluxo migrat\u00f3rio, incluindo com Brasil"},"content":{"rendered":"<p><strong>Os EUA querem que os problemas causados pelo intenso e descontrolado fluxo migrat\u00f3rio sejam uma preocupa\u00e7\u00e3o n\u00e3o apenas do governo americano, mas de todos os pa\u00edses da regi\u00e3o. Segundo explicou, na quarta-feira, o diretor s\u00eanior do Conselho de Seguran\u00e7a Nacional para o Hemisf\u00e9rio Ocidental, Juan Gonzalez, \u00e9 com esse esp\u00edrito que o presidente Joe Biden lan\u00e7ar\u00e1 um plano de migra\u00e7\u00e3o durante a C\u00fapula das Am\u00e9ricas, que acontecer\u00e1 de 8 a 10 de junho, em Los Angeles.<\/strong><\/p>\n<p>O plano de Biden, revelou Gonzalez, prev\u00ea a ajuda econ\u00f4mica tanto as na\u00e7\u00f5es do hemisf\u00e9rio afetadas pelo fluxo migrat\u00f3rio quanto aquelas atingidas pela pobreza. O objetivo \u00e9 evitar que as pessoas deixem suas casas para procurar uma vida melhor em outros pa\u00edses, como os EUA. \u201cA ideia \u00e9 engajar muito ativamente com nossos hom\u00f3logos regionais, para procurar os desafios no contexto de divis\u00e3o de responsabilidade e apoio econ\u00f4mico aos pa\u00edses impactados pelos fluxos migrat\u00f3rios\u201d \u2014 explicou.<\/p>\n<p><img src=\"https:\/\/elfaro.net\/get_img?ImageWidth=2000&amp;ImageHeight=1333&amp;ImageId=35222\" alt=\"A Leader Unready to Go after Corruption Won't be a U.S. Ally\u201d - ElFaro.net\" \/><\/p>\n<p>Entre os t\u00f3picos a serem tratados na c\u00fapula, al\u00e9m de migra\u00e7\u00e3o, est\u00e3o a democracia, combate \u00e0 pandemia, mudan\u00e7as clim\u00e1ticas, transforma\u00e7\u00e3o digital e coopera\u00e7\u00e3o econ\u00f4mica. Gonzalez foi perguntado se, no encontro bilateral entre Biden e o presidente Jair Bolsonaro, as elei\u00e7\u00f5es brasileiras ser\u00e3o abordadas. O representante do governo americano repetiu o que tem sido dito com frequ\u00eancia pelas autoridades daquele pa\u00eds, dando a entender que o assunto n\u00e3o ser\u00e1 levantado na reuni\u00e3o: \u201cA quest\u00e3o das elei\u00e7\u00f5es brasileiras \u00e9 para os brasileiros decidirem. Os EUA t\u00eam confian\u00e7a nas institui\u00e7\u00f5es brasileiras, que s\u00e3o robustas\u201d.<\/p>\n<p>Bolsonaro costuma questionar a seguran\u00e7a do resultado das elei\u00e7\u00f5es brasileiras. Uma das institui\u00e7\u00f5es atacadas pelo presidente \u00e9 o Tribunal Superior Eleitoral (TSE). De acordo com Gonzalez, durante o encontro, Biden e Bolsonaro devem conversar sobre temas como aquecimento global, seguran\u00e7a alimentar, pandemia e economia digital. Ele enfatizou que o Brasil tem um papel importante na regi\u00e3o e frisou que a quest\u00e3o clim\u00e1tica \u00e9 uma prioridade, evitando mencionar a expans\u00e3o do desmatamento na Amaz\u00f4nia. Um ponto que ainda est\u00e1 em aberto \u00e9 a lista de convidados dos EUA para a C\u00fapula das Am\u00e9ricas. Indagado se o governo americano chamaria o presidente de Cuba, Miguel D\u00edaz-Canel, Gonzalez disse que a quest\u00e3o ainda est\u00e1 em aberto. A presen\u00e7a do cubano \u00e9 uma condi\u00e7\u00e3o imposta pelo M\u00e9xico para que o presidente Andr\u00e9s Manuel L\u00f3pez Obrador participe do evento. \u201cAinda estamos nas considera\u00e7\u00f5es finais\u201d \u2014 informou.<\/p>\n","protected":false},"excerpt":{"rendered":"<p>Os EUA querem que os problemas causados pelo intenso e descontrolado fluxo migrat\u00f3rio sejam uma preocupa\u00e7\u00e3o n\u00e3o apenas do governo americano, mas de todos os pa\u00edses da regi\u00e3o. Segundo explicou, na quarta-feira, o diretor s\u00eanior do Conselho de Seguran\u00e7a Nacional para o Hemisf\u00e9rio Ocidental, Juan Gonzalez, \u00e9 com esse esp\u00edrito que o presidente Joe Biden lan\u00e7ar\u00e1 um plano de migra\u00e7\u00e3o durante a C\u00fapula das Am\u00e9ricas, que acontecer\u00e1 de 8 a 10 de junho, em Los Angeles. O plano de Biden, revelou Gonzalez, prev\u00ea a ajuda econ\u00f4mica tanto as na\u00e7\u00f5es do hemisf\u00e9rio afetadas pelo fluxo migrat\u00f3rio quanto aquelas atingidas pela pobreza. [&hellip;]<\/p>\n","protected":false},"author":1,"featured_media":52025,"comment_status":"open","ping_status":"closed","sticky":false,"template":"","format":"standard","meta":{"_links_to":"","_links_to_target":""},"categories":[3,1,10],"tags":[],"views":1253,"_links":{"self":[{"href":"https:\/\/www.brazilianpress.com\/v1\/wp-json\/wp\/v2\/posts\/52024"}],"collection":[{"href":"https:\/\/www.brazilianpress.com\/v1\/wp-json\/wp\/v2\/posts"}],"about":[{"href":"https:\/\/www.brazilianpress.com\/v1\/wp-json\/wp\/v2\/types\/post"}],"author":[{"embeddable":true,"href":"https:\/\/www.brazilianpress.com\/v1\/wp-json\/wp\/v2\/users\/1"}],"replies":[{"embeddable":true,"href":"https:\/\/www.brazilianpress.com\/v1\/wp-json\/wp\/v2\/comments?post=52024"}],"version-history":[{"count":2,"href":"https:\/\/www.brazilianpress.com\/v1\/wp-json\/wp\/v2\/posts\/52024\/revisions"}],"predecessor-version":[{"id":52028,"href":"https:\/\/www.brazilianpress.com\/v1\/wp-json\/wp\/v2\/posts\/52024\/revisions\/52028"}],"wp:featuredmedia":[{"embeddable":true,"href":"https:\/\/www.brazilianpress.com\/v1\/wp-json\/wp\/v2\/media\/52025"}],"wp:attachment":[{"href":"https:\/\/www.brazilianpress.com\/v1\/wp-json\/wp\/v2\/media?parent=52024"}],"wp:term":[{"taxonomy":"category","embeddable":true,"href":"https:\/\/www.brazilianpress.com\/v1\/wp-json\/wp\/v2\/categories?post=52024"},{"taxonomy":"post_tag","embeddable":true,"href":"https:\/\/www.brazilianpress.com\/v1\/wp-json\/wp\/v2\/tags?post=52024"}],"curies":[{"name":"wp","href":"https:\/\/api.w.org\/{rel}","templated":true}]}}