{"id":52039,"date":"2022-06-02T16:54:47","date_gmt":"2022-06-02T20:54:47","guid":{"rendered":"https:\/\/www.brazilianpress.com\/v1\/?p=52039"},"modified":"2022-06-02T16:54:47","modified_gmt":"2022-06-02T20:54:47","slug":"lider-da-oms-diz-que-virus-da-covid-continua-a-se-disseminar-em-nivel-bastante-intenso","status":"publish","type":"post","link":"https:\/\/www.brazilianpress.com\/v1\/2022\/06\/02\/lider-da-oms-diz-que-virus-da-covid-continua-a-se-disseminar-em-nivel-bastante-intenso\/","title":{"rendered":"L\u00edder da OMS diz que v\u00edrus da covid continua a se disseminar em n\u00edvel bastante intenso"},"content":{"rendered":"<p><strong>L\u00edder t\u00e9cnica da resposta \u00e0 pandemia de covid-19 na Organiza\u00e7\u00e3o Mundial da Sa\u00fade (OMS), Maria Van Kerkhove alertou na ter\u00e7a-feira, 31, para o fato de que o v\u00edrus &#8220;continua a se disseminar em n\u00edvel bastante intenso&#8221; pelo mundo. Durante a sess\u00e3o de perguntas e respostas da entidade, ela destacou o fato de que h\u00e1 uma queda no n\u00famero de testes para a doen\u00e7a, o que dificulta o trabalho de monitor\u00e1-la e sequenciar os v\u00edrus, a fim de verificar a ocorr\u00eancia de novas variantes ou sub variantes e sua dissemina\u00e7\u00e3o.<\/strong><\/p>\n<p>Kerkhove disse que a OMS espera reportar um recuo nos casos semanais da doen\u00e7a, no levantamento mais recente, por\u00e9m refor\u00e7ou que o movimento ocorre diante de uma queda nos testes. &#8220;Isso dificulta nosso trabalho para avaliar qu\u00e3o intenso est\u00e1 o v\u00edrus&#8221;, comentou, apontando que &#8220;n\u00e3o podemos sequenciar se n\u00e3o testamos&#8221;. Mesmo com a prov\u00e1vel subnotifica\u00e7\u00e3o, ela ressaltou o fato de que h\u00e1 ao menos 10 mil mortes por semana no mundo pela doen\u00e7a, com milh\u00f5es de novos casos tamb\u00e9m registrados a cada semana.<\/p>\n<p>Na Europa, Kerkhove disse que deve haver dissemina\u00e7\u00e3o do v\u00edrus e mais casos em breve, com o ver\u00e3o local e mais pessoas socializando. Ela comentou que alguns pa\u00edses ainda assim se saem bem, mas pediu que seja levado em conta que em v\u00e1rias outras na\u00e7\u00f5es a covid-19 &#8220;ainda devasta sociedades&#8221;. A autoridade mencionou tamb\u00e9m o caso da \u00c1frica do Sul como um quadro positivo recente, ap\u00f3s o pa\u00eds aparentemente ter superado um pico de infec\u00e7\u00f5es pela doen\u00e7a, sem atingir um pico de hospitaliza\u00e7\u00f5es, gra\u00e7as ao n\u00edvel de imunizados.<\/p>\n","protected":false},"excerpt":{"rendered":"<p>L\u00edder t\u00e9cnica da resposta \u00e0 pandemia de covid-19 na Organiza\u00e7\u00e3o Mundial da Sa\u00fade (OMS), Maria Van Kerkhove alertou na ter\u00e7a-feira, 31, para o fato de que o v\u00edrus &#8220;continua a se disseminar em n\u00edvel bastante intenso&#8221; pelo mundo. Durante a sess\u00e3o de perguntas e respostas da entidade, ela destacou o fato de que h\u00e1 uma queda no n\u00famero de testes para a doen\u00e7a, o que dificulta o trabalho de monitor\u00e1-la e sequenciar os v\u00edrus, a fim de verificar a ocorr\u00eancia de novas variantes ou sub variantes e sua dissemina\u00e7\u00e3o. Kerkhove disse que a OMS espera reportar um recuo nos casos [&hellip;]<\/p>\n","protected":false},"author":1,"featured_media":52040,"comment_status":"open","ping_status":"closed","sticky":false,"template":"","format":"standard","meta":{"_links_to":"","_links_to_target":""},"categories":[8,1],"tags":[],"views":993,"_links":{"self":[{"href":"https:\/\/www.brazilianpress.com\/v1\/wp-json\/wp\/v2\/posts\/52039"}],"collection":[{"href":"https:\/\/www.brazilianpress.com\/v1\/wp-json\/wp\/v2\/posts"}],"about":[{"href":"https:\/\/www.brazilianpress.com\/v1\/wp-json\/wp\/v2\/types\/post"}],"author":[{"embeddable":true,"href":"https:\/\/www.brazilianpress.com\/v1\/wp-json\/wp\/v2\/users\/1"}],"replies":[{"embeddable":true,"href":"https:\/\/www.brazilianpress.com\/v1\/wp-json\/wp\/v2\/comments?post=52039"}],"version-history":[{"count":1,"href":"https:\/\/www.brazilianpress.com\/v1\/wp-json\/wp\/v2\/posts\/52039\/revisions"}],"predecessor-version":[{"id":52041,"href":"https:\/\/www.brazilianpress.com\/v1\/wp-json\/wp\/v2\/posts\/52039\/revisions\/52041"}],"wp:featuredmedia":[{"embeddable":true,"href":"https:\/\/www.brazilianpress.com\/v1\/wp-json\/wp\/v2\/media\/52040"}],"wp:attachment":[{"href":"https:\/\/www.brazilianpress.com\/v1\/wp-json\/wp\/v2\/media?parent=52039"}],"wp:term":[{"taxonomy":"category","embeddable":true,"href":"https:\/\/www.brazilianpress.com\/v1\/wp-json\/wp\/v2\/categories?post=52039"},{"taxonomy":"post_tag","embeddable":true,"href":"https:\/\/www.brazilianpress.com\/v1\/wp-json\/wp\/v2\/tags?post=52039"}],"curies":[{"name":"wp","href":"https:\/\/api.w.org\/{rel}","templated":true}]}}