{"id":52053,"date":"2022-06-04T10:03:01","date_gmt":"2022-06-04T14:03:01","guid":{"rendered":"https:\/\/www.brazilianpress.com\/v1\/?p=52053"},"modified":"2022-06-04T10:03:01","modified_gmt":"2022-06-04T14:03:01","slug":"brasileira-perde-batalha-para-cancer-agressivo-e-morre-1-mes-apos-casamento-nos-eua","status":"publish","type":"post","link":"https:\/\/www.brazilianpress.com\/v1\/2022\/06\/04\/brasileira-perde-batalha-para-cancer-agressivo-e-morre-1-mes-apos-casamento-nos-eua\/","title":{"rendered":"Brasileira perde batalha para c\u00e2ncer agressivo e morre 1 m\u00eas ap\u00f3s casamento nos EUA"},"content":{"rendered":"<p><strong>Um c\u00e2ncer agressivo interrompeu a hist\u00f3ria de amor entre a brasileira Ana Paula de Oliveira e o norte-americano Alex. A jovem de 29 anos, que saiu de Hortol\u00e2ndia (SP) para realizar um interc\u00e2mbio nos Estados Unidos em 2017 e por l\u00e1 criou ra\u00edzes. Ela descobriu a doen\u00e7a j\u00e1 em est\u00e1gio avan\u00e7ado, mas alimentou a esperan\u00e7a da cura e acelerou os tr\u00e2mites para realizar o sonho de se casar.<\/strong><\/p>\n<p>A cerim\u00f4nia aconteceu no dia 30 de abril, mas a piora em seu quadro de sa\u00fade a levou a morte na madrugada desta quinta (2), 33 dias ap\u00f3s a uni\u00e3o. &#8220;O casamento era um sonho dos dois. Meu pai e minha m\u00e3e est\u00e3o muito mal, s\u00f3 choram. Minha m\u00e3e esteve com ela at\u00e9 15 de maio, voltou porque a Ana n\u00e3o estava t\u00e3o mal, mas quando o quadro piorou, foi de vez. Ela foi intubada no s\u00e1bado e morreu na madrugada de quinta&#8221;, relata Alexandro de Oliveira, 28 anos, irm\u00e3o da jovem.<\/p>\n<p><img src=\"https:\/\/s2.glbimg.com\/bp8jGI6Y1n5SaoUKWXmxr5Zq9O8=\/0x0:720x1280\/984x0\/smart\/filters:strip_icc()\/i.s3.glbimg.com\/v1\/AUTH_59edd422c0c84a879bd37670ae4f538a\/internal_photos\/bs\/2022\/x\/0\/pCLTdTRMajgkW8vwtdIQ\/whatsapp-image-2022-06-03-at-15.52.06.jpeg\" alt=\"Ana Paula de Oliveira compartilhou nas redes sociais fotos do casamento no dia 30 de abril de 2022 \u2014 Foto: Arquivo pessoal\" \/><\/p>\n<p>Ana exibiu com orgulho fotos do casamento com Alex em suas redes sociais. Apesar de saber da gravidade da doen\u00e7a, descoberta quando sentia dores no est\u00f4mago e procurou ajuda m\u00e9dica em outubro de 2021, jamais se entregou, segundo o irm\u00e3o. Mesmo depois de descobrir a doen\u00e7a e de tantos anos morando em uma cidade no estado norte-americano de Rhode Island, Ana voltou ao Brasil para passar f\u00e9rias em dezembro de 2021. Era a primeira vez, desde 2017, que estava em casa novamente.<\/p>\n<p><img src=\"https:\/\/s2.glbimg.com\/W4QS3q99yG73xr0wPbiP2JQ77Cs=\/0x0:720x720\/984x0\/smart\/filters:strip_icc()\/i.s3.glbimg.com\/v1\/AUTH_59edd422c0c84a879bd37670ae4f538a\/internal_photos\/bs\/2022\/8\/O\/UH5qXSTbai1BdILamsMQ\/whatsapp-image-2022-06-03-at-15.50.57.jpeg\" alt=\"Ana Paula de Oliveira deixou Hortol\u00e2ndia (SP) rumo aos Estados Unidos em 2017, para fazer interc\u00e2mbio, mas acabou se apaixonando e morava desde ent\u00e3o por l\u00e1 \u2014 Foto: Arquivo pessoal\" \/><\/p>\n<p>&#8220;Ela veio, passeou normal, e quando voltou, levou minha m\u00e3e[para os Estados Unidos]. Elas ficaram juntas por cinco meses. Havia muita esperan\u00e7a no tratamento. Tanto que o plano da minha m\u00e3e era ficar seis meses por aqui e depois voltar para cuidar dela l\u00e1&#8221;, contou Alexandro. Ana Paula piorou pouco depois da m\u00e3e voltar ao Brasil e, no \u00faltimo s\u00e1bado (28), j\u00e1 sem conseguir se alimentar e reclamando de falta de ar, ela acabou internada e intubada. Os \u00f3rg\u00e3os come\u00e7aram a falhar no domingo (29), e a fam\u00edlia, \u00e0 dist\u00e2ncia, sofreu com a gravidade da situa\u00e7\u00e3o. A fam\u00edlia ainda n\u00e3o se decidiu como ser\u00e1 a despedida de Ana, mas h\u00e1 previs\u00e3o de que um funeral seja realizado pelo marido e amigos que moram nos Estados Unidos na pr\u00f3xima ter\u00e7a-feira (7). &#8220;Eles est\u00e3o arrasados. Ainda estamos decidindo o que fazer, se vamos trazer o corpo dela ou cremar nos Estados Unidos. Talvez fa\u00e7am a crema\u00e7\u00e3o, e o Alex traga as cinzas. Eles n\u00e3o querem ver ela morta&#8221;, disse o irm\u00e3o.<\/p>\n<p><img src=\"https:\/\/s2.glbimg.com\/lqzzH2uZFNuBLUdJGxkih665oTM=\/0x80:640x735\/984x0\/smart\/filters:strip_icc()\/i.s3.glbimg.com\/v1\/AUTH_59edd422c0c84a879bd37670ae4f538a\/internal_photos\/bs\/2022\/8\/5\/0khBBATBexFWAMEIt6PA\/whatsapp-image-2022-06-03-at-15.51.04.jpeg\" alt=\"Ana Paula de Oliveira, de Hortol\u00e2ndia (SP), morreu 33 dias ap\u00f3s se casar com Alex, nos Estados Unidos, onde o casal morava \u2014 Foto: Arquivo pessoal\" \/><\/p>\n","protected":false},"excerpt":{"rendered":"<p>Um c\u00e2ncer agressivo interrompeu a hist\u00f3ria de amor entre a brasileira Ana Paula de Oliveira e o norte-americano Alex. A jovem de 29 anos, que saiu de Hortol\u00e2ndia (SP) para realizar um interc\u00e2mbio nos Estados Unidos em 2017 e por l\u00e1 criou ra\u00edzes. Ela descobriu a doen\u00e7a j\u00e1 em est\u00e1gio avan\u00e7ado, mas alimentou a esperan\u00e7a da cura e acelerou os tr\u00e2mites para realizar o sonho de se casar. A cerim\u00f4nia aconteceu no dia 30 de abril, mas a piora em seu quadro de sa\u00fade a levou a morte na madrugada desta quinta (2), 33 dias ap\u00f3s a uni\u00e3o. &#8220;O casamento [&hellip;]<\/p>\n","protected":false},"author":1,"featured_media":52054,"comment_status":"open","ping_status":"closed","sticky":false,"template":"","format":"standard","meta":{"_links_to":"","_links_to_target":""},"categories":[4,3,1],"tags":[],"views":1208,"_links":{"self":[{"href":"https:\/\/www.brazilianpress.com\/v1\/wp-json\/wp\/v2\/posts\/52053"}],"collection":[{"href":"https:\/\/www.brazilianpress.com\/v1\/wp-json\/wp\/v2\/posts"}],"about":[{"href":"https:\/\/www.brazilianpress.com\/v1\/wp-json\/wp\/v2\/types\/post"}],"author":[{"embeddable":true,"href":"https:\/\/www.brazilianpress.com\/v1\/wp-json\/wp\/v2\/users\/1"}],"replies":[{"embeddable":true,"href":"https:\/\/www.brazilianpress.com\/v1\/wp-json\/wp\/v2\/comments?post=52053"}],"version-history":[{"count":1,"href":"https:\/\/www.brazilianpress.com\/v1\/wp-json\/wp\/v2\/posts\/52053\/revisions"}],"predecessor-version":[{"id":52055,"href":"https:\/\/www.brazilianpress.com\/v1\/wp-json\/wp\/v2\/posts\/52053\/revisions\/52055"}],"wp:featuredmedia":[{"embeddable":true,"href":"https:\/\/www.brazilianpress.com\/v1\/wp-json\/wp\/v2\/media\/52054"}],"wp:attachment":[{"href":"https:\/\/www.brazilianpress.com\/v1\/wp-json\/wp\/v2\/media?parent=52053"}],"wp:term":[{"taxonomy":"category","embeddable":true,"href":"https:\/\/www.brazilianpress.com\/v1\/wp-json\/wp\/v2\/categories?post=52053"},{"taxonomy":"post_tag","embeddable":true,"href":"https:\/\/www.brazilianpress.com\/v1\/wp-json\/wp\/v2\/tags?post=52053"}],"curies":[{"name":"wp","href":"https:\/\/api.w.org\/{rel}","templated":true}]}}