{"id":52056,"date":"2022-06-05T08:41:13","date_gmt":"2022-06-05T12:41:13","guid":{"rendered":"https:\/\/www.brazilianpress.com\/v1\/?p=52056"},"modified":"2022-06-05T08:41:44","modified_gmt":"2022-06-05T12:41:44","slug":"dois-mortos-e-13-feridos-em-tiroteio-na-philadelphia-na-noite-deste-sabado","status":"publish","type":"post","link":"https:\/\/www.brazilianpress.com\/v1\/2022\/06\/05\/dois-mortos-e-13-feridos-em-tiroteio-na-philadelphia-na-noite-deste-sabado\/","title":{"rendered":"Dois mortos e 13 feridos em tiroteio na Philadelphia, na noite deste s\u00e1bado"},"content":{"rendered":"<p><strong>Pelo menos duas pessoas foram mortas a tiro e pelo menos 13 ficaram feridas num tiroteio, na noite de s\u00e1bado (4) em Philadelphia, disseram as autoridades. O departamento de pol\u00edcia de Philadelphia respondeu aos relatos de uma pessoa armada numa grande multid\u00e3o, informou a cadeia de televis\u00e3o WPVI-TV.<\/strong><\/p>\n<p>Um agente chegou ao local e viu um homem a disparar contra a multid\u00e3o, no centro da cidade. O agente disparou contra o atacante, indicou a pol\u00edcia. N\u00e3o \u00e9 claro se o suspeito foi atingido.<\/p>\n<p><img src=\"https:\/\/www.inquirer.com\/resizer\/JQD43GazGTUDpxK6LxmNwvVrKUw=\/filters:format(webp)\/cloudfront-us-east-1.images.arcpublishing.com\/pmn\/7WRGBU7T4FH47MIFUN75QZQ7CQ.jpg\" alt=\"South Street shooting: 14 shot, three dead in Philadelphia\" \/><\/p>\n<p>Desconhece-se o estado dos feridos e nenhum agente foi ferido, acrescentou. As autoridades disseram n\u00e3o ter feito deten\u00e7\u00f5es, mas recuperaram uma arma. Numa mensagem divulgada na rede social Twitter, a pol\u00edcia pediu para se evitar a \u00e1rea e que v\u00e1rias pessoas foram feridas. Nenhuma informa\u00e7\u00e3o adicional foi imediatamente disponibilizada.<\/p>\n<p><img src=\"https:\/\/cdn.abcotvs.com\/dip\/images\/11928419_060522-wpvi-center-city-shooting-raw-vid.jpg?w=1600\" alt=\"Raw video: Scene of mass shooting in Center City Philadelphia - 6abc Philadelphia\" \/><\/p>\n","protected":false},"excerpt":{"rendered":"<p>Pelo menos duas pessoas foram mortas a tiro e pelo menos 13 ficaram feridas num tiroteio, na noite de s\u00e1bado (4) em Philadelphia, disseram as autoridades. O departamento de pol\u00edcia de Philadelphia respondeu aos relatos de uma pessoa armada numa grande multid\u00e3o, informou a cadeia de televis\u00e3o WPVI-TV. Um agente chegou ao local e viu um homem a disparar contra a multid\u00e3o, no centro da cidade. O agente disparou contra o atacante, indicou a pol\u00edcia. N\u00e3o \u00e9 claro se o suspeito foi atingido. Desconhece-se o estado dos feridos e nenhum agente foi ferido, acrescentou. As autoridades disseram n\u00e3o ter feito [&hellip;]<\/p>\n","protected":false},"author":1,"featured_media":52057,"comment_status":"open","ping_status":"closed","sticky":false,"template":"","format":"standard","meta":{"_links_to":"","_links_to_target":""},"categories":[3,1,10],"tags":[],"views":1891,"_links":{"self":[{"href":"https:\/\/www.brazilianpress.com\/v1\/wp-json\/wp\/v2\/posts\/52056"}],"collection":[{"href":"https:\/\/www.brazilianpress.com\/v1\/wp-json\/wp\/v2\/posts"}],"about":[{"href":"https:\/\/www.brazilianpress.com\/v1\/wp-json\/wp\/v2\/types\/post"}],"author":[{"embeddable":true,"href":"https:\/\/www.brazilianpress.com\/v1\/wp-json\/wp\/v2\/users\/1"}],"replies":[{"embeddable":true,"href":"https:\/\/www.brazilianpress.com\/v1\/wp-json\/wp\/v2\/comments?post=52056"}],"version-history":[{"count":3,"href":"https:\/\/www.brazilianpress.com\/v1\/wp-json\/wp\/v2\/posts\/52056\/revisions"}],"predecessor-version":[{"id":52060,"href":"https:\/\/www.brazilianpress.com\/v1\/wp-json\/wp\/v2\/posts\/52056\/revisions\/52060"}],"wp:featuredmedia":[{"embeddable":true,"href":"https:\/\/www.brazilianpress.com\/v1\/wp-json\/wp\/v2\/media\/52057"}],"wp:attachment":[{"href":"https:\/\/www.brazilianpress.com\/v1\/wp-json\/wp\/v2\/media?parent=52056"}],"wp:term":[{"taxonomy":"category","embeddable":true,"href":"https:\/\/www.brazilianpress.com\/v1\/wp-json\/wp\/v2\/categories?post=52056"},{"taxonomy":"post_tag","embeddable":true,"href":"https:\/\/www.brazilianpress.com\/v1\/wp-json\/wp\/v2\/tags?post=52056"}],"curies":[{"name":"wp","href":"https:\/\/api.w.org\/{rel}","templated":true}]}}