{"id":52333,"date":"2022-07-08T10:25:58","date_gmt":"2022-07-08T14:25:58","guid":{"rendered":"https:\/\/www.brazilianpress.com\/v1\/?p=52333"},"modified":"2022-07-08T10:25:58","modified_gmt":"2022-07-08T14:25:58","slug":"social-press-08-07-2022","status":"publish","type":"post","link":"https:\/\/www.brazilianpress.com\/v1\/2022\/07\/08\/social-press-08-07-2022\/","title":{"rendered":"Social Press . 08\/07\/2022"},"content":{"rendered":"<p><strong><em>Os Jovens Maria Fernanda e Francisco\u00a0 curtindo f\u00e9rias em NY City deram aquela parada para uma foto e depois partem em rumo a Disney. Boas f\u00e9rias!<\/em><\/strong><\/p>\n<p><strong><em><img loading=\"lazy\" class=\"alignnone size-full wp-image-52326\" src=\"https:\/\/www.brazilianpress.com\/v1\/wp-content\/uploads\/2022\/07\/foto-2-reginaldo-chagas.jpg\" alt=\"\" width=\"596\" height=\"450\" srcset=\"https:\/\/www.brazilianpress.com\/v1\/wp-content\/uploads\/2022\/07\/foto-2-reginaldo-chagas.jpg 596w, https:\/\/www.brazilianpress.com\/v1\/wp-content\/uploads\/2022\/07\/foto-2-reginaldo-chagas-300x227.jpg 300w, https:\/\/www.brazilianpress.com\/v1\/wp-content\/uploads\/2022\/07\/foto-2-reginaldo-chagas-180x135.jpg 180w\" sizes=\"(max-width: 596px) 100vw, 596px\" \/><br \/>\nReginaldo Chagas \u201cChagas Power\u201d teve um bolo surpresa para comemorar seu niver, Parab\u00e9ns.<\/em><\/strong><\/p>\n<p><strong><em><img loading=\"lazy\" class=\"alignnone size-full wp-image-52327\" src=\"https:\/\/www.brazilianpress.com\/v1\/wp-content\/uploads\/2022\/07\/foto-3-a-aniversariante-claudia.jpg\" alt=\"\" width=\"661\" height=\"450\" srcset=\"https:\/\/www.brazilianpress.com\/v1\/wp-content\/uploads\/2022\/07\/foto-3-a-aniversariante-claudia.jpg 661w, https:\/\/www.brazilianpress.com\/v1\/wp-content\/uploads\/2022\/07\/foto-3-a-aniversariante-claudia-300x204.jpg 300w\" sizes=\"(max-width: 661px) 100vw, 661px\" \/><br \/>\nA aniversarinte Claudia Garzesi tamb\u00e9m est\u00e1 comemorando mais um ano de vida, Felicidades!<\/em><\/strong><\/p>\n<p><strong><em><img loading=\"lazy\" class=\"alignnone size-full wp-image-52328\" src=\"https:\/\/www.brazilianpress.com\/v1\/wp-content\/uploads\/2022\/07\/foto-4-o-pequeno-grande-andre.jpg\" alt=\"\" width=\"700\" height=\"384\" srcset=\"https:\/\/www.brazilianpress.com\/v1\/wp-content\/uploads\/2022\/07\/foto-4-o-pequeno-grande-andre.jpg 700w, https:\/\/www.brazilianpress.com\/v1\/wp-content\/uploads\/2022\/07\/foto-4-o-pequeno-grande-andre-300x165.jpg 300w\" sizes=\"(max-width: 700px) 100vw, 700px\" \/><br \/>\nO Pequeno , Grande Andre Teixeira mestre dos computadores tamb\u00e9m \u00e9 anivesariante do m\u00eas.<\/em><\/strong><\/p>\n<p><strong><em><img loading=\"lazy\" class=\"alignnone size-full wp-image-52329\" src=\"https:\/\/www.brazilianpress.com\/v1\/wp-content\/uploads\/2022\/07\/foto-5-happy-birthday-candido.jpg\" alt=\"\" width=\"700\" height=\"404\" srcset=\"https:\/\/www.brazilianpress.com\/v1\/wp-content\/uploads\/2022\/07\/foto-5-happy-birthday-candido.jpg 700w, https:\/\/www.brazilianpress.com\/v1\/wp-content\/uploads\/2022\/07\/foto-5-happy-birthday-candido-300x173.jpg 300w\" sizes=\"(max-width: 700px) 100vw, 700px\" \/><br \/>\nHappy Birthday Candido Couto, nome forte no ramo imobili\u00e1rio, quer comprar casa? Procure por ele na\u00a0 Exit Realty.<\/em><\/strong><\/p>\n<p><strong><em><img loading=\"lazy\" class=\"alignnone size-full wp-image-52330\" src=\"https:\/\/www.brazilianpress.com\/v1\/wp-content\/uploads\/2022\/07\/foto-6-mestre-aluizio-ataide.jpg\" alt=\"\" width=\"700\" height=\"444\" srcset=\"https:\/\/www.brazilianpress.com\/v1\/wp-content\/uploads\/2022\/07\/foto-6-mestre-aluizio-ataide.jpg 700w, https:\/\/www.brazilianpress.com\/v1\/wp-content\/uploads\/2022\/07\/foto-6-mestre-aluizio-ataide-300x190.jpg 300w\" sizes=\"(max-width: 700px) 100vw, 700px\" \/><br \/>\nMestre Aluizio Ataide\u00a0 \u201cAlligator\u201d foi comemorar seu niver com os familiares no Brasil. Parab\u00e9ns!<\/em><\/strong><\/p>\n<p><strong><em><img loading=\"lazy\" class=\"alignnone size-full wp-image-52331\" src=\"https:\/\/www.brazilianpress.com\/v1\/wp-content\/uploads\/2022\/07\/foto-7-mais-conhecido-como-tainha.jpg\" alt=\"\" width=\"700\" height=\"384\" srcset=\"https:\/\/www.brazilianpress.com\/v1\/wp-content\/uploads\/2022\/07\/foto-7-mais-conhecido-como-tainha.jpg 700w, https:\/\/www.brazilianpress.com\/v1\/wp-content\/uploads\/2022\/07\/foto-7-mais-conhecido-como-tainha-300x165.jpg 300w\" sizes=\"(max-width: 700px) 100vw, 700px\" \/><br \/>\nMais conhecido como\u00a0 \u201cTainha\u201d\u00a0 Deivisson Hanthequeste, nome de Artista tamb\u00e9m \u00e9 aniversariante do m\u00eas.<\/em><\/strong><\/p>\n<p><strong><em><img loading=\"lazy\" class=\"alignnone size-full wp-image-52332\" src=\"https:\/\/www.brazilianpress.com\/v1\/wp-content\/uploads\/2022\/07\/foto-8-nossos-parab\u00e9ns-ao-sanfoneiro.jpg\" alt=\"\" width=\"700\" height=\"363\" srcset=\"https:\/\/www.brazilianpress.com\/v1\/wp-content\/uploads\/2022\/07\/foto-8-nossos-parab\u00e9ns-ao-sanfoneiro.jpg 700w, https:\/\/www.brazilianpress.com\/v1\/wp-content\/uploads\/2022\/07\/foto-8-nossos-parab\u00e9ns-ao-sanfoneiro-300x156.jpg 300w\" sizes=\"(max-width: 700px) 100vw, 700px\" \/><br \/>\nNossos parab\u00e9ns ao sanfoneiro Eduardo de Carvalho, um dos melhores da regi\u00e3o.<\/em><\/strong><\/p>\n<p><strong><em><img loading=\"lazy\" class=\"alignnone size-full wp-image-52324\" src=\"https:\/\/www.brazilianpress.com\/v1\/wp-content\/uploads\/2022\/07\/foto-9-tais-adriani.jpg\" alt=\"\" width=\"700\" height=\"426\" srcset=\"https:\/\/www.brazilianpress.com\/v1\/wp-content\/uploads\/2022\/07\/foto-9-tais-adriani.jpg 700w, https:\/\/www.brazilianpress.com\/v1\/wp-content\/uploads\/2022\/07\/foto-9-tais-adriani-300x183.jpg 300w\" sizes=\"(max-width: 700px) 100vw, 700px\" \/><br \/>\nTais Adriani (Boi na Brasa) tamb\u00e9m est\u00e1 comemorando seu niver. Parab\u00e9ns e muitas felicidade!<\/em><\/strong><\/p>\n","protected":false},"excerpt":{"rendered":"<p>Os Jovens Maria Fernanda e Francisco\u00a0 curtindo f\u00e9rias em NY City deram aquela parada para uma foto e depois partem em rumo a Disney. Boas f\u00e9rias! Reginaldo Chagas \u201cChagas Power\u201d teve um bolo surpresa para comemorar seu niver, Parab\u00e9ns. A aniversarinte Claudia Garzesi tamb\u00e9m est\u00e1 comemorando mais um ano de vida, Felicidades! O Pequeno , Grande Andre Teixeira mestre dos computadores tamb\u00e9m \u00e9 anivesariante do m\u00eas. Happy Birthday Candido Couto, nome forte no ramo imobili\u00e1rio, quer comprar casa? Procure por ele na\u00a0 Exit Realty. Mestre Aluizio Ataide\u00a0 \u201cAlligator\u201d foi comemorar seu niver com os familiares no Brasil. Parab\u00e9ns! Mais conhecido [&hellip;]<\/p>\n","protected":false},"author":1,"featured_media":52325,"comment_status":"open","ping_status":"closed","sticky":false,"template":"","format":"standard","meta":{"_links_to":"","_links_to_target":""},"categories":[3,1,6],"tags":[],"views":1378,"_links":{"self":[{"href":"https:\/\/www.brazilianpress.com\/v1\/wp-json\/wp\/v2\/posts\/52333"}],"collection":[{"href":"https:\/\/www.brazilianpress.com\/v1\/wp-json\/wp\/v2\/posts"}],"about":[{"href":"https:\/\/www.brazilianpress.com\/v1\/wp-json\/wp\/v2\/types\/post"}],"author":[{"embeddable":true,"href":"https:\/\/www.brazilianpress.com\/v1\/wp-json\/wp\/v2\/users\/1"}],"replies":[{"embeddable":true,"href":"https:\/\/www.brazilianpress.com\/v1\/wp-json\/wp\/v2\/comments?post=52333"}],"version-history":[{"count":1,"href":"https:\/\/www.brazilianpress.com\/v1\/wp-json\/wp\/v2\/posts\/52333\/revisions"}],"predecessor-version":[{"id":52334,"href":"https:\/\/www.brazilianpress.com\/v1\/wp-json\/wp\/v2\/posts\/52333\/revisions\/52334"}],"wp:featuredmedia":[{"embeddable":true,"href":"https:\/\/www.brazilianpress.com\/v1\/wp-json\/wp\/v2\/media\/52325"}],"wp:attachment":[{"href":"https:\/\/www.brazilianpress.com\/v1\/wp-json\/wp\/v2\/media?parent=52333"}],"wp:term":[{"taxonomy":"category","embeddable":true,"href":"https:\/\/www.brazilianpress.com\/v1\/wp-json\/wp\/v2\/categories?post=52333"},{"taxonomy":"post_tag","embeddable":true,"href":"https:\/\/www.brazilianpress.com\/v1\/wp-json\/wp\/v2\/tags?post=52333"}],"curies":[{"name":"wp","href":"https:\/\/api.w.org\/{rel}","templated":true}]}}