{"id":52335,"date":"2022-07-08T12:57:10","date_gmt":"2022-07-08T16:57:10","guid":{"rendered":"https:\/\/www.brazilianpress.com\/v1\/?p=52335"},"modified":"2022-07-08T12:57:10","modified_gmt":"2022-07-08T16:57:10","slug":"lea-santos-guerra-avisada-nao-mata-soldado","status":"publish","type":"post","link":"https:\/\/www.brazilianpress.com\/v1\/2022\/07\/08\/lea-santos-guerra-avisada-nao-mata-soldado\/","title":{"rendered":"L\u00e9a Santos: Guerra Avisada N\u00e3o Mata Soldado"},"content":{"rendered":"<p><strong>J\u00e1 tive a oportunidade de narrar aqui o perrengue que passei no ano apassado em Belo Horizonte, quando me internaram na Santa Casa alegando que eu estava com Covid.<\/strong><\/p>\n<p>Com duas vacinas e dois testes que me davam como negativa, o m\u00e9dico sequer acreditou que eu morava aqui nos Estados Unidos, alegando inclusive que as provas por mim apresentadas eram falsas.<\/p>\n<p>Na ocasi\u00e3o, reclamei com o m\u00e9dico e com as enfermeiras que n\u00e3o estava passando oxig\u00eanio para os pacientes e que certamente a tubula\u00e7\u00e3o da parede deveria estar entupida.<\/p>\n<p>N\u00e3o me ouviram e n\u00e3o tomaram nenhuma provid\u00eancia.<\/p>\n<p>A consequ\u00eancia est\u00e1a sendo vivida por alguns e vista por todos n\u00e3o somente em nosso pa\u00eds, como fora tamb\u00e9m.<\/p>\n<p>O m\u00e9dico chegou a me perguntar se eu era t\u00e9cnica em manuten\u00e7\u00e3o, respondi que n\u00e3o e contra ataquei dizendo que eu precisava de oxig\u00eanio, (sou card\u00edaca e sofro de press\u00e3o alta) e n\u00e3o estava recebendo nada.<\/p>\n<p>Hoje, estamos assistindo ao resultado de dita neglig\u00eancia.<\/p>\n<p>Se o m\u00e9dico tivesse comunicado ao departamento de manuten\u00e7\u00e3o, provavelmente teria evitado a explos\u00e3o que ocorreu na tubula\u00e7\u00e3o da UTI, que fica exatamente no andar em que estive internada durante 16 dias.<\/p>\n<p>O d\u00e9cimo andar foi palco de uma cena que poderia ter sido evitada se o m\u00e9dico houvesse sido\u00a0 menos arrogante naquela ocasi\u00e3o.<\/p>\n<p>Vimos filho carregando o pai nas costas para n\u00e3o ser morto no inc\u00eandio provocado pela explos\u00e3o.<\/p>\n<p>N\u00e3o precisa ser especialista em manuten\u00e7\u00e3o para ver que h\u00e1 algo errado.<\/p>\n<p>Se n\u00e3o passa oxig\u00eanio para quem o necessita \u00e9 porque o mesmo est\u00e1 escapando e evidentemente a qualquer hora ocorrer\u00e1 uma explos\u00e3o, afinal a parede por onde passa a tubula\u00e7\u00e3o de oxig\u00eanio n\u00e3o \u00e9 constru\u00edda para para conter explos\u00e3o e inc\u00eandios.<\/p>\n<p>Embora com perdas humanas e destrui\u00e7\u00e3o de uma \u00e1rea importante dentro do hospital, esperamos que o ocorrido sirva de alerta para evitar problemas iguais ou piores no futuro.<\/p>\n","protected":false},"excerpt":{"rendered":"<p>J\u00e1 tive a oportunidade de narrar aqui o perrengue que passei no ano apassado em Belo Horizonte, quando me internaram na Santa Casa alegando que eu estava com Covid. Com duas vacinas e dois testes que me davam como negativa, o m\u00e9dico sequer acreditou que eu morava aqui nos Estados Unidos, alegando inclusive que as provas por mim apresentadas eram falsas. Na ocasi\u00e3o, reclamei com o m\u00e9dico e com as enfermeiras que n\u00e3o estava passando oxig\u00eanio para os pacientes e que certamente a tubula\u00e7\u00e3o da parede deveria estar entupida. N\u00e3o me ouviram e n\u00e3o tomaram nenhuma provid\u00eancia. A consequ\u00eancia est\u00e1a [&hellip;]<\/p>\n","protected":false},"author":1,"featured_media":52336,"comment_status":"open","ping_status":"closed","sticky":false,"template":"","format":"standard","meta":{"_links_to":"","_links_to_target":""},"categories":[15,1],"tags":[],"views":1290,"_links":{"self":[{"href":"https:\/\/www.brazilianpress.com\/v1\/wp-json\/wp\/v2\/posts\/52335"}],"collection":[{"href":"https:\/\/www.brazilianpress.com\/v1\/wp-json\/wp\/v2\/posts"}],"about":[{"href":"https:\/\/www.brazilianpress.com\/v1\/wp-json\/wp\/v2\/types\/post"}],"author":[{"embeddable":true,"href":"https:\/\/www.brazilianpress.com\/v1\/wp-json\/wp\/v2\/users\/1"}],"replies":[{"embeddable":true,"href":"https:\/\/www.brazilianpress.com\/v1\/wp-json\/wp\/v2\/comments?post=52335"}],"version-history":[{"count":1,"href":"https:\/\/www.brazilianpress.com\/v1\/wp-json\/wp\/v2\/posts\/52335\/revisions"}],"predecessor-version":[{"id":52337,"href":"https:\/\/www.brazilianpress.com\/v1\/wp-json\/wp\/v2\/posts\/52335\/revisions\/52337"}],"wp:featuredmedia":[{"embeddable":true,"href":"https:\/\/www.brazilianpress.com\/v1\/wp-json\/wp\/v2\/media\/52336"}],"wp:attachment":[{"href":"https:\/\/www.brazilianpress.com\/v1\/wp-json\/wp\/v2\/media?parent=52335"}],"wp:term":[{"taxonomy":"category","embeddable":true,"href":"https:\/\/www.brazilianpress.com\/v1\/wp-json\/wp\/v2\/categories?post=52335"},{"taxonomy":"post_tag","embeddable":true,"href":"https:\/\/www.brazilianpress.com\/v1\/wp-json\/wp\/v2\/tags?post=52335"}],"curies":[{"name":"wp","href":"https:\/\/api.w.org\/{rel}","templated":true}]}}