{"id":52349,"date":"2022-07-08T13:07:20","date_gmt":"2022-07-08T17:07:20","guid":{"rendered":"https:\/\/www.brazilianpress.com\/v1\/?p=52349"},"modified":"2022-07-08T13:07:20","modified_gmt":"2022-07-08T17:07:20","slug":"nova-lei-em-new-jersey-permite-que-adolescentes-trabalhem-mais-horas","status":"publish","type":"post","link":"https:\/\/www.brazilianpress.com\/v1\/2022\/07\/08\/nova-lei-em-new-jersey-permite-que-adolescentes-trabalhem-mais-horas\/","title":{"rendered":"Nova lei em New Jersey permite que adolescentes trabalhem mais horas"},"content":{"rendered":"<p><strong>O governador Phil Murphy assinou uma nova lei na ter\u00e7a-feira que permite que jovens de 16 e 17 anos trabalhem at\u00e9 50 horas por semana e at\u00e9 10 horas por dia durante os meses de ver\u00e3o.\u00a0<\/strong><\/p>\n<p>Al\u00e9m disso, o novo regulamento, sob um projeto de lei bipartid\u00e1rio, tamb\u00e9m esclarece que jovens de 14 e 15 anos podem trabalhar at\u00e9 40 horas por semana durante o ver\u00e3o.<\/p>\n<p>A lei tamb\u00e9m simplifica o processo de obten\u00e7\u00e3o de documentos de trabalho, embora essas disposi\u00e7\u00f5es n\u00e3o entrem em vigor at\u00e9 1\u00ba de junho de 2023.<\/p>\n<p>Em vez de os distritos escolares emitirem pap\u00e9is de trabalho toda vez que um adolescente conseguir um novo emprego, o Departamento de Trabalho do estado criar\u00e1 um banco de dados centralizado onde os adolescentes podem se registrar uma vez.\u00a0Adolescentes e empregadores poderiam atualizar o banco de dados e os cuidadores autorizariam o trabalho por meio do banco de dados.<\/p>\n<p>A legisla\u00e7\u00e3o destina US$ 1 milh\u00e3o para o Departamento de Trabalho do estado criar o banco de dados.\u00a0O Senado estadual aprovou o projeto de lei por 40-0 e a Assembleia por 74-3 na semana passada.<\/p>\n<p>&#8220;A lei ajudar\u00e1 os empregadores a encontrar mais trabalhadores, permitir\u00e1 que os adolescentes trabalhem mais horas e ganhem mais, e ajudar\u00e1 os habitantes de New Jersey e visitantes a evitar longas esperas e filas durante o ver\u00e3o em seus destinos favoritos&#8221;, disse Michele Siekerka em um comunicado.<\/p>\n","protected":false},"excerpt":{"rendered":"<p>O governador Phil Murphy assinou uma nova lei na ter\u00e7a-feira que permite que jovens de 16 e 17 anos trabalhem at\u00e9 50 horas por semana e at\u00e9 10 horas por dia durante os meses de ver\u00e3o.\u00a0 Al\u00e9m disso, o novo regulamento, sob um projeto de lei bipartid\u00e1rio, tamb\u00e9m esclarece que jovens de 14 e 15 anos podem trabalhar at\u00e9 40 horas por semana durante o ver\u00e3o. A lei tamb\u00e9m simplifica o processo de obten\u00e7\u00e3o de documentos de trabalho, embora essas disposi\u00e7\u00f5es n\u00e3o entrem em vigor at\u00e9 1\u00ba de junho de 2023. Em vez de os distritos escolares emitirem pap\u00e9is de [&hellip;]<\/p>\n","protected":false},"author":1,"featured_media":39762,"comment_status":"open","ping_status":"closed","sticky":false,"template":"","format":"standard","meta":{"_links_to":"","_links_to_target":""},"categories":[4,3,1],"tags":[],"views":816,"_links":{"self":[{"href":"https:\/\/www.brazilianpress.com\/v1\/wp-json\/wp\/v2\/posts\/52349"}],"collection":[{"href":"https:\/\/www.brazilianpress.com\/v1\/wp-json\/wp\/v2\/posts"}],"about":[{"href":"https:\/\/www.brazilianpress.com\/v1\/wp-json\/wp\/v2\/types\/post"}],"author":[{"embeddable":true,"href":"https:\/\/www.brazilianpress.com\/v1\/wp-json\/wp\/v2\/users\/1"}],"replies":[{"embeddable":true,"href":"https:\/\/www.brazilianpress.com\/v1\/wp-json\/wp\/v2\/comments?post=52349"}],"version-history":[{"count":1,"href":"https:\/\/www.brazilianpress.com\/v1\/wp-json\/wp\/v2\/posts\/52349\/revisions"}],"predecessor-version":[{"id":52350,"href":"https:\/\/www.brazilianpress.com\/v1\/wp-json\/wp\/v2\/posts\/52349\/revisions\/52350"}],"wp:featuredmedia":[{"embeddable":true,"href":"https:\/\/www.brazilianpress.com\/v1\/wp-json\/wp\/v2\/media\/39762"}],"wp:attachment":[{"href":"https:\/\/www.brazilianpress.com\/v1\/wp-json\/wp\/v2\/media?parent=52349"}],"wp:term":[{"taxonomy":"category","embeddable":true,"href":"https:\/\/www.brazilianpress.com\/v1\/wp-json\/wp\/v2\/categories?post=52349"},{"taxonomy":"post_tag","embeddable":true,"href":"https:\/\/www.brazilianpress.com\/v1\/wp-json\/wp\/v2\/tags?post=52349"}],"curies":[{"name":"wp","href":"https:\/\/api.w.org\/{rel}","templated":true}]}}