{"id":52360,"date":"2022-07-09T11:34:02","date_gmt":"2022-07-09T15:34:02","guid":{"rendered":"https:\/\/www.brazilianpress.com\/v1\/?p=52360"},"modified":"2022-07-09T11:34:02","modified_gmt":"2022-07-09T15:34:02","slug":"hulk-celebra-vaga-com-atletico-mg-e-mantem-aproveitamento-em-penaltis-pressao-grande","status":"publish","type":"post","link":"https:\/\/www.brazilianpress.com\/v1\/2022\/07\/09\/hulk-celebra-vaga-com-atletico-mg-e-mantem-aproveitamento-em-penaltis-pressao-grande\/","title":{"rendered":"Hulk celebra vaga com Atl\u00e9tico-MG e mant\u00e9m aproveitamento em p\u00eanaltis: &#8220;Press\u00e3o grande&#8221;"},"content":{"rendered":"<p><strong>O atacante\u00a0Hulk\u00a0saiu de campo com mais um trof\u00e9u de melhor jogador da partida na Copa Libertadores.\u00a0Em noite de recorde, o artilheiro do\u00a0Atl\u00e9tico-MG\u00a0celebrou a vaga nas quartas de final e tamb\u00e9m mais um gol de p\u00eanalti, apagando o erro na cobran\u00e7a da partida de ida contra o Emelec.<\/strong><\/p>\n<p>Hulk\u00a0fez a cobran\u00e7a na reta final da partida, mudou o canto, e anotou o 21\u00ba gol de p\u00eanalti em 24 cobran\u00e7as totais com a camisa do Galo.\u00a0S\u00e3o 87,5% de aproveitamento, o mesmo que ele tinha quando fez o gol da vit\u00f3ria contra o Athletic, no distante fevereiro de 2022, antes da final da Supercopa do Brasil.<\/p>\n<p>&#8220;N\u00e3o \u00e9 f\u00e1cil, press\u00e3o grande. Voc\u00ea chega ali em dist\u00e2ncia curta, e o goleiro cresce bastante. E temos que decidir em quest\u00e3o de segundos. Fui feliz com o gol, \u00e9 comemorar&#8221; disse, ao fim da partida.<\/p>\n<p>&#8211; Eu sou o cobrador oficial do time, at\u00e9 o momento que o nosso professor decidir trocar. Eu, como cobrador oficial, tenho que manter o foco. Acho que s\u00e3o 24 p\u00eanaltis com o Atl\u00e9tico, e s\u00f3 uma vez o goleiro pegou, outros dois foram na trave. Tento aprimorar ao m\u00e1ximo, caprichar.<\/p>\n<p>As tr\u00eas cobran\u00e7as erradas por\u00a0Hulk\u00a0na marca da cal foram contra o Boca Juniors (disputa de p\u00eanaltis) e Palmeiras, ambas na trave, no mata-mata da Libertadores passada. E a terceira contra o Emelec, com a defesa do goleiro Ortiz, no Equador. Ap\u00f3s a falha, ele avisou que iria continuar batendo os p\u00eanaltis.<\/p>\n<p>A promessa foi cumprida diante do Juventude, na partida seguinte, j\u00e1 pelo Brasileiro.\u00a0Hulk\u00a0tem 23 gols em 30 partidas em 2022 pelo Atl\u00e9tico. S\u00e3o 4 na Libertadores, 7 no Brasileiro e 1 na\u00a0Copa do Brasil.<\/p>\n","protected":false},"excerpt":{"rendered":"<p>O atacante\u00a0Hulk\u00a0saiu de campo com mais um trof\u00e9u de melhor jogador da partida na Copa Libertadores.\u00a0Em noite de recorde, o artilheiro do\u00a0Atl\u00e9tico-MG\u00a0celebrou a vaga nas quartas de final e tamb\u00e9m mais um gol de p\u00eanalti, apagando o erro na cobran\u00e7a da partida de ida contra o Emelec. Hulk\u00a0fez a cobran\u00e7a na reta final da partida, mudou o canto, e anotou o 21\u00ba gol de p\u00eanalti em 24 cobran\u00e7as totais com a camisa do Galo.\u00a0S\u00e3o 87,5% de aproveitamento, o mesmo que ele tinha quando fez o gol da vit\u00f3ria contra o Athletic, no distante fevereiro de 2022, antes da final da [&hellip;]<\/p>\n","protected":false},"author":1,"featured_media":52357,"comment_status":"open","ping_status":"closed","sticky":false,"template":"","format":"standard","meta":{"_links_to":"","_links_to_target":""},"categories":[9,1],"tags":[],"views":861,"_links":{"self":[{"href":"https:\/\/www.brazilianpress.com\/v1\/wp-json\/wp\/v2\/posts\/52360"}],"collection":[{"href":"https:\/\/www.brazilianpress.com\/v1\/wp-json\/wp\/v2\/posts"}],"about":[{"href":"https:\/\/www.brazilianpress.com\/v1\/wp-json\/wp\/v2\/types\/post"}],"author":[{"embeddable":true,"href":"https:\/\/www.brazilianpress.com\/v1\/wp-json\/wp\/v2\/users\/1"}],"replies":[{"embeddable":true,"href":"https:\/\/www.brazilianpress.com\/v1\/wp-json\/wp\/v2\/comments?post=52360"}],"version-history":[{"count":1,"href":"https:\/\/www.brazilianpress.com\/v1\/wp-json\/wp\/v2\/posts\/52360\/revisions"}],"predecessor-version":[{"id":52361,"href":"https:\/\/www.brazilianpress.com\/v1\/wp-json\/wp\/v2\/posts\/52360\/revisions\/52361"}],"wp:featuredmedia":[{"embeddable":true,"href":"https:\/\/www.brazilianpress.com\/v1\/wp-json\/wp\/v2\/media\/52357"}],"wp:attachment":[{"href":"https:\/\/www.brazilianpress.com\/v1\/wp-json\/wp\/v2\/media?parent=52360"}],"wp:term":[{"taxonomy":"category","embeddable":true,"href":"https:\/\/www.brazilianpress.com\/v1\/wp-json\/wp\/v2\/categories?post=52360"},{"taxonomy":"post_tag","embeddable":true,"href":"https:\/\/www.brazilianpress.com\/v1\/wp-json\/wp\/v2\/tags?post=52360"}],"curies":[{"name":"wp","href":"https:\/\/api.w.org\/{rel}","templated":true}]}}