{"id":52362,"date":"2022-07-09T11:35:55","date_gmt":"2022-07-09T15:35:55","guid":{"rendered":"https:\/\/www.brazilianpress.com\/v1\/?p=52362"},"modified":"2022-07-09T11:35:55","modified_gmt":"2022-07-09T15:35:55","slug":"boris-johnson-renuncia-ao-cargo-de-premie-britanico","status":"publish","type":"post","link":"https:\/\/www.brazilianpress.com\/v1\/2022\/07\/09\/boris-johnson-renuncia-ao-cargo-de-premie-britanico\/","title":{"rendered":"Boris Johnson renuncia ao cargo de premi\u00ea brit\u00e2nico"},"content":{"rendered":"<p><strong>O primeiro-ministro do Reino Unido, Boris Johnson, acaba de renunciar ao cargo, atendendo aos pedidos de ministros e parlamentares do Partido Conservador. &#8220;O processo de escolha do novo l\u00edder deve come\u00e7ar agora&#8221;, disse Johnson \u00e0 porta do n\u00famero 10 da Downing Street, a resid\u00eancia oficial do governo.<\/strong><\/p>\n<p>&#8220;E hoje eu nomeei um gabinete, como farei, at\u00e9 que um novo l\u00edder esteja no cargo.&#8221; O primeiro-ministro brit\u00e2nico, Boris Johnson, confirmou nesta tarde que vai mesmo deixar\u00a0o cargo. Condenando o que descreveu como &#8220;instinto de manada&#8221; muito forte, ele afirmou que pretende\u00a0sair de cena quando o Partido Conservador designar novo l\u00edder.<\/p>\n<p>&#8220;Concordei que o processo de escolha de um novo l\u00edder [do Partido Conservador] deve come\u00e7ar de imediato&#8221;, disse Johnson \u00e0 porta do n\u00famero 10 de Downing Street, a resid\u00eancia e gabinete oficial do primeiro-ministro.<\/p>\n<p>A demiss\u00e3o do l\u00edder conservador ocorre ap\u00f3s a sa\u00edda de mais de meia centena de membros do Executivo nas \u00faltimas 48 horas. &#8220;\u00c9 claramente a vontade do grupo parlamentar conservador que haja novo l\u00edder do partido e, portanto, um novo primeiro-ministro&#8221;, anunciou. O premi\u00ea\u00a0demission\u00e1rio adiantou que o processo de elei\u00e7\u00e3o do novo l\u00edder do Partido Conservador j\u00e1 est\u00e1 em curso, e\u00a0o calend\u00e1rio do escrut\u00ednio interno vai ser anunciado na pr\u00f3xima semana.<\/p>\n<p>Boris Johnson informou\u00a0ainda que nomeou nesta quinta-feira um novo governo que desempenhar\u00e1 as\u00a0fun\u00e7\u00f5es at\u00e9 a\u00a0elei\u00e7\u00e3o do\u00a0novo l\u00edder. Ele\u00a0afastou o cen\u00e1rio de novas elei\u00e7\u00f5es gerais, lembrando os resultados do Partido Conservador na vota\u00e7\u00e3o de 2019.<\/p>\n<p>Em seu discurso, ao anunciar a sa\u00edda, o premi\u00ea destacou os &#8220;feitos&#8221; alcan\u00e7ados pelo seu governo, principalmente a resolu\u00e7\u00e3o do Brexit, o combate \u00e0 pandemia e a resposta do Reino Unido \u00e0 guerra na Ucr\u00e2nia. Para Johnson, o Reino Unido deve continuar a &#8220;nivelar por cima&#8221; e, dessa forma, poder\u00e1 ser &#8220;o pa\u00eds mais pr\u00f3spero&#8221; da Europa.<\/p>\n<p>Sem pedir desculpa pelos esc\u00e2ndalos e pol\u00eamicas que levaram \u00e0 demiss\u00e3o, ele disse\u00a0que tentou convencer os colegas, ao longo dos \u00faltimos dias, de que seria &#8220;exc\u00eantrico&#8221; mudar de governo perante os &#8220;bons resultados&#8221; dos \u00faltimos tr\u00eas anos, mas tamb\u00e9m perante um cen\u00e1rio econ\u00f4mico dif\u00edcil.<\/p>\n<p>&#8220;Na pol\u00edtica ningu\u00e9m \u00e9 indispens\u00e1vel para sempre&#8221;, afirmou Johnson. &#8220;Estou muito triste por abandonar o melhor emprego do mundo, mas \u00e9 assim que as coisas s\u00e3o&#8221;, completou. O premi\u00ea agradeceu ao povo brit\u00e2nico &#8220;o privil\u00e9gio de ser primeiro-ministro&#8221;. &#8220;Ser primeiro-ministro \u00e9 uma educa\u00e7\u00e3o em si mesma &#8211; viajei por todo o Reino Unido e descobri muitas pessoas que t\u00eam uma originalidade brit\u00e2nica sem limites, t\u00e3o dispostas a enfrentar os velhos problemas de novas formas&#8221;.<\/p>\n<p>&#8220;Mesmo que as coisas por vezes pare\u00e7am sombrias neste momento, o nosso futuro juntos ser\u00e1 dourado&#8221;, afirmou, ao final do discurso. &#8220;Lamento n\u00e3o ter tido sucesso em convencer os colegas.\u00a0Mas o instinto de manada \u00e9 muito poderoso, quando a manada se mexe todos se mexem&#8221;, acrescentou\u00a0o primeiro-ministro em refer\u00eancia \u00e0s dezenas de demiss\u00f5es dos \u00faltimos dias.<\/p>\n","protected":false},"excerpt":{"rendered":"<p>O primeiro-ministro do Reino Unido, Boris Johnson, acaba de renunciar ao cargo, atendendo aos pedidos de ministros e parlamentares do Partido Conservador. &#8220;O processo de escolha do novo l\u00edder deve come\u00e7ar agora&#8221;, disse Johnson \u00e0 porta do n\u00famero 10 da Downing Street, a resid\u00eancia oficial do governo. &#8220;E hoje eu nomeei um gabinete, como farei, at\u00e9 que um novo l\u00edder esteja no cargo.&#8221; O primeiro-ministro brit\u00e2nico, Boris Johnson, confirmou nesta tarde que vai mesmo deixar\u00a0o cargo. Condenando o que descreveu como &#8220;instinto de manada&#8221; muito forte, ele afirmou que pretende\u00a0sair de cena quando o Partido Conservador designar novo l\u00edder. &#8220;Concordei [&hellip;]<\/p>\n","protected":false},"author":1,"featured_media":51539,"comment_status":"open","ping_status":"closed","sticky":false,"template":"","format":"standard","meta":{"_links_to":"","_links_to_target":""},"categories":[8,1],"tags":[],"views":856,"_links":{"self":[{"href":"https:\/\/www.brazilianpress.com\/v1\/wp-json\/wp\/v2\/posts\/52362"}],"collection":[{"href":"https:\/\/www.brazilianpress.com\/v1\/wp-json\/wp\/v2\/posts"}],"about":[{"href":"https:\/\/www.brazilianpress.com\/v1\/wp-json\/wp\/v2\/types\/post"}],"author":[{"embeddable":true,"href":"https:\/\/www.brazilianpress.com\/v1\/wp-json\/wp\/v2\/users\/1"}],"replies":[{"embeddable":true,"href":"https:\/\/www.brazilianpress.com\/v1\/wp-json\/wp\/v2\/comments?post=52362"}],"version-history":[{"count":1,"href":"https:\/\/www.brazilianpress.com\/v1\/wp-json\/wp\/v2\/posts\/52362\/revisions"}],"predecessor-version":[{"id":52363,"href":"https:\/\/www.brazilianpress.com\/v1\/wp-json\/wp\/v2\/posts\/52362\/revisions\/52363"}],"wp:featuredmedia":[{"embeddable":true,"href":"https:\/\/www.brazilianpress.com\/v1\/wp-json\/wp\/v2\/media\/51539"}],"wp:attachment":[{"href":"https:\/\/www.brazilianpress.com\/v1\/wp-json\/wp\/v2\/media?parent=52362"}],"wp:term":[{"taxonomy":"category","embeddable":true,"href":"https:\/\/www.brazilianpress.com\/v1\/wp-json\/wp\/v2\/categories?post=52362"},{"taxonomy":"post_tag","embeddable":true,"href":"https:\/\/www.brazilianpress.com\/v1\/wp-json\/wp\/v2\/tags?post=52362"}],"curies":[{"name":"wp","href":"https:\/\/api.w.org\/{rel}","templated":true}]}}