{"id":52453,"date":"2022-07-21T17:42:07","date_gmt":"2022-07-21T21:42:07","guid":{"rendered":"https:\/\/www.brazilianpress.com\/v1\/?p=52453"},"modified":"2022-07-21T17:42:07","modified_gmt":"2022-07-21T21:42:07","slug":"quatro-homens-foram-indiciados-pela-morte-de-53-imigrantes-dentro-de-caminhao-no-texas","status":"publish","type":"post","link":"https:\/\/www.brazilianpress.com\/v1\/2022\/07\/21\/quatro-homens-foram-indiciados-pela-morte-de-53-imigrantes-dentro-de-caminhao-no-texas\/","title":{"rendered":"Quatro homens foram indiciados pela morte de 53 imigrantes dentro de caminh\u00e3o no Texas"},"content":{"rendered":"<p><strong>Quatro homens foram acusados de conex\u00e3o com a opera\u00e7\u00e3o de contrabando que deixou 53 migrantes mortos em junho passado ap\u00f3s serem abandonados sob temperaturas escaldantes dentro de um caminh\u00e3o na cidade americana de San Antonio, Texas, trazendo \u00e0 tona o debate sobre as pol\u00edticas migrat\u00f3rias dos Estados Unidos.<\/strong><\/p>\n<p>Homero Zamorano e Christian Mart\u00ednez, ambos do Texas, foram acusados na quarta-feira por um j\u00fari federal por viola\u00e7\u00e3o de diferentes pontos das leis de imigra\u00e7\u00e3o dos Estados Unidos, incluindo conspira\u00e7\u00e3o para transportar estrangeiros resultando em morte, informou o Departamento de Justi\u00e7a, em um comunicado.<\/p>\n<p><img loading=\"lazy\" class=\"alignnone size-full wp-image-52278\" src=\"https:\/\/www.brazilianpress.com\/v1\/wp-content\/uploads\/2022\/06\/caminhao-mortos-texas.jpg\" alt=\"\" width=\"700\" height=\"336\" srcset=\"https:\/\/www.brazilianpress.com\/v1\/wp-content\/uploads\/2022\/06\/caminhao-mortos-texas.jpg 700w, https:\/\/www.brazilianpress.com\/v1\/wp-content\/uploads\/2022\/06\/caminhao-mortos-texas-300x144.jpg 300w\" sizes=\"(max-width: 700px) 100vw, 700px\" \/><\/p>\n<p>Se forem considerados culpados, Zamorano, de 46 anos, e Mart\u00ednez, de 28, podem ser condenados \u00e0 pena de morte ou \u00e0 pris\u00e3o perp\u00e9tua. J\u00e1 os mexicanos Juan Claudio D&#8217;Luna-Mendez e Juan Francisco D&#8217;Luna-Bilbao foram acusados de posse de armas e presen\u00e7a irregular nos Estados Unidos.<\/p>\n<p>Os homens de 23 e 48 anos, respectivamente, estavam ligados ao caso por morarem no endere\u00e7o de registro da placa do caminh\u00e3o onde os migrantes foram encontrados, informou o Departamento de Justi\u00e7a. Eles podem ser condenados a uma pena de at\u00e9 10 anos de pris\u00e3o. Os quatro homens foram detidos imediatamente depois de o caminh\u00e3o com os migrantes ter sido encontrado em San Antonio, por suspeita de envolvimento em tr\u00e1fico.<\/p>\n<p><img loading=\"lazy\" class=\"alignnone size-full wp-image-52275\" src=\"https:\/\/www.brazilianpress.com\/v1\/wp-content\/uploads\/2022\/06\/caminhao-46-mortos-texas-imigrantes.jpg\" alt=\"\" width=\"648\" height=\"395\" srcset=\"https:\/\/www.brazilianpress.com\/v1\/wp-content\/uploads\/2022\/06\/caminhao-46-mortos-texas-imigrantes.jpg 648w, https:\/\/www.brazilianpress.com\/v1\/wp-content\/uploads\/2022\/06\/caminhao-46-mortos-texas-imigrantes-300x183.jpg 300w\" sizes=\"(max-width: 648px) 100vw, 648px\" \/><\/p>\n<p>Na noite de 27 de junho, oficiais do Departamento de Seguran\u00e7a Interna dos Estados Unidos descobriram o caminh\u00e3o estacionado no Sudoeste de San Antonio, depois de receberem liga\u00e7\u00f5es da comunidade. Os socorristas retiraram 46 corpos e 16 pessoas ainda conscientes. Os sobreviventes foram levados para hospitais pr\u00f3ximos. Depois de passar um dia sob temperaturas de at\u00e9 40\u00baC, as pessoas trancadas no caminh\u00e3o sofreram hipertermia e desidrata\u00e7\u00e3o aguda. A tr\u00e1gica opera\u00e7\u00e3o de contrabando deixou 53 mortos, incluindo tr\u00eas menores, e 11 hospitalizados. Os migrantes eram principalmente do M\u00e9xico, al\u00e9m de Honduras, Guatemala e El Salvador.<\/p>\n","protected":false},"excerpt":{"rendered":"<p>Quatro homens foram acusados de conex\u00e3o com a opera\u00e7\u00e3o de contrabando que deixou 53 migrantes mortos em junho passado ap\u00f3s serem abandonados sob temperaturas escaldantes dentro de um caminh\u00e3o na cidade americana de San Antonio, Texas, trazendo \u00e0 tona o debate sobre as pol\u00edticas migrat\u00f3rias dos Estados Unidos. Homero Zamorano e Christian Mart\u00ednez, ambos do Texas, foram acusados na quarta-feira por um j\u00fari federal por viola\u00e7\u00e3o de diferentes pontos das leis de imigra\u00e7\u00e3o dos Estados Unidos, incluindo conspira\u00e7\u00e3o para transportar estrangeiros resultando em morte, informou o Departamento de Justi\u00e7a, em um comunicado. Se forem considerados culpados, Zamorano, de 46 anos, [&hellip;]<\/p>\n","protected":false},"author":1,"featured_media":52454,"comment_status":"open","ping_status":"closed","sticky":false,"template":"","format":"standard","meta":{"_links_to":"","_links_to_target":""},"categories":[3,1,10],"tags":[],"views":1020,"_links":{"self":[{"href":"https:\/\/www.brazilianpress.com\/v1\/wp-json\/wp\/v2\/posts\/52453"}],"collection":[{"href":"https:\/\/www.brazilianpress.com\/v1\/wp-json\/wp\/v2\/posts"}],"about":[{"href":"https:\/\/www.brazilianpress.com\/v1\/wp-json\/wp\/v2\/types\/post"}],"author":[{"embeddable":true,"href":"https:\/\/www.brazilianpress.com\/v1\/wp-json\/wp\/v2\/users\/1"}],"replies":[{"embeddable":true,"href":"https:\/\/www.brazilianpress.com\/v1\/wp-json\/wp\/v2\/comments?post=52453"}],"version-history":[{"count":1,"href":"https:\/\/www.brazilianpress.com\/v1\/wp-json\/wp\/v2\/posts\/52453\/revisions"}],"predecessor-version":[{"id":52455,"href":"https:\/\/www.brazilianpress.com\/v1\/wp-json\/wp\/v2\/posts\/52453\/revisions\/52455"}],"wp:featuredmedia":[{"embeddable":true,"href":"https:\/\/www.brazilianpress.com\/v1\/wp-json\/wp\/v2\/media\/52454"}],"wp:attachment":[{"href":"https:\/\/www.brazilianpress.com\/v1\/wp-json\/wp\/v2\/media?parent=52453"}],"wp:term":[{"taxonomy":"category","embeddable":true,"href":"https:\/\/www.brazilianpress.com\/v1\/wp-json\/wp\/v2\/categories?post=52453"},{"taxonomy":"post_tag","embeddable":true,"href":"https:\/\/www.brazilianpress.com\/v1\/wp-json\/wp\/v2\/tags?post=52453"}],"curies":[{"name":"wp","href":"https:\/\/api.w.org\/{rel}","templated":true}]}}