{"id":52463,"date":"2022-07-22T10:29:30","date_gmt":"2022-07-22T14:29:30","guid":{"rendered":"https:\/\/www.brazilianpress.com\/v1\/?p=52463"},"modified":"2022-07-22T10:29:30","modified_gmt":"2022-07-22T14:29:30","slug":"social-press-22-07-2022","status":"publish","type":"post","link":"https:\/\/www.brazilianpress.com\/v1\/2022\/07\/22\/social-press-22-07-2022\/","title":{"rendered":"Social Press . 22\/07\/2022"},"content":{"rendered":"<p><em><strong>Kimberly Krug e Victor S\u00fatil uma uni\u00e3o cheia de amor e carinho. Que os noivos sejam muito felizes<\/strong><\/em><\/p>\n<p><em><strong><img loading=\"lazy\" class=\"alignnone size-full wp-image-52458\" src=\"https:\/\/www.brazilianpress.com\/v1\/wp-content\/uploads\/2022\/07\/Foto-2-Nossas-felicitacoes-e-votos.jpg\" alt=\"\" width=\"700\" height=\"428\" srcset=\"https:\/\/www.brazilianpress.com\/v1\/wp-content\/uploads\/2022\/07\/Foto-2-Nossas-felicitacoes-e-votos.jpg 700w, https:\/\/www.brazilianpress.com\/v1\/wp-content\/uploads\/2022\/07\/Foto-2-Nossas-felicitacoes-e-votos-300x183.jpg 300w\" sizes=\"(max-width: 700px) 100vw, 700px\" \/><br \/>\nNossas felicita\u00e7\u00f5es e votos de muita Sa\u00fade, Alegrias e Sucesso a Querida Irm\u00e3 e Amiga Maria das Gra\u00e7as que completou mais um ano de vida sob a prote\u00e7\u00e3o de Nosso Senhor Jesus e o Amor entre amigos e familiares em Newark.<\/strong><\/em><\/p>\n<p><em><strong><img loading=\"lazy\" class=\"alignnone size-full wp-image-52459\" src=\"https:\/\/www.brazilianpress.com\/v1\/wp-content\/uploads\/2022\/07\/Foto-3-o-cabeca-dos-racionais.jpg\" alt=\"\" width=\"700\" height=\"442\" srcset=\"https:\/\/www.brazilianpress.com\/v1\/wp-content\/uploads\/2022\/07\/Foto-3-o-cabeca-dos-racionais.jpg 700w, https:\/\/www.brazilianpress.com\/v1\/wp-content\/uploads\/2022\/07\/Foto-3-o-cabeca-dos-racionais-300x189.jpg 300w\" sizes=\"(max-width: 700px) 100vw, 700px\" \/><br \/>\nO cabe\u00e7a dos Racionais MCs, Mano Brown e companheiro estiveram na Lanchonete Altas Horas no Domingo para abastecer as energias ap\u00f3s o Grande Show no Ritz Theater em New Jersey. Parab\u00e9ns a equipe do Altas Horas sempre competente e prestativa.<\/strong><\/em><\/p>\n<p><em><strong><img loading=\"lazy\" class=\"alignnone size-full wp-image-52460\" src=\"https:\/\/www.brazilianpress.com\/v1\/wp-content\/uploads\/2022\/07\/Foto-4-E-nestes-dias-de-muito-calor-a-querida-Marina-.jpg\" alt=\"\" width=\"700\" height=\"450\" srcset=\"https:\/\/www.brazilianpress.com\/v1\/wp-content\/uploads\/2022\/07\/Foto-4-E-nestes-dias-de-muito-calor-a-querida-Marina-.jpg 700w, https:\/\/www.brazilianpress.com\/v1\/wp-content\/uploads\/2022\/07\/Foto-4-E-nestes-dias-de-muito-calor-a-querida-Marina--300x193.jpg 300w\" sizes=\"(max-width: 700px) 100vw, 700px\" \/><br \/>\nE nestes dias de muito calor a querida Marina Silva est\u00e1 aproveitando bem com sua fam\u00edlia o melhor desta esta\u00e7\u00e3o<\/strong><\/em><\/p>\n<p><em><strong><img loading=\"lazy\" class=\"alignnone size-full wp-image-52461\" src=\"https:\/\/www.brazilianpress.com\/v1\/wp-content\/uploads\/2022\/07\/Foto-5-A-fam\u00edlia-\u00e9-nosso-bem-maior-e-a-fam\u00edlia-.jpg\" alt=\"\" width=\"700\" height=\"435\" srcset=\"https:\/\/www.brazilianpress.com\/v1\/wp-content\/uploads\/2022\/07\/Foto-5-A-fam\u00edlia-\u00e9-nosso-bem-maior-e-a-fam\u00edlia-.jpg 700w, https:\/\/www.brazilianpress.com\/v1\/wp-content\/uploads\/2022\/07\/Foto-5-A-fam\u00edlia-\u00e9-nosso-bem-maior-e-a-fam\u00edlia--300x186.jpg 300w\" sizes=\"(max-width: 700px) 100vw, 700px\" \/><br \/>\nA fam\u00edlia \u00e9 nosso bem maior e a fam\u00edlia da Kelly Moreno celebra os 11 anos da vida deste boneca linda! Parab\u00e9ns<\/strong><\/em><\/p>\n<p><em><strong><img loading=\"lazy\" class=\"alignnone size-full wp-image-52462\" src=\"https:\/\/www.brazilianpress.com\/v1\/wp-content\/uploads\/2022\/07\/Foto-6-A-querida-Simara-de-Oliveira-gosta.jpg\" alt=\"\" width=\"700\" height=\"438\" srcset=\"https:\/\/www.brazilianpress.com\/v1\/wp-content\/uploads\/2022\/07\/Foto-6-A-querida-Simara-de-Oliveira-gosta.jpg 700w, https:\/\/www.brazilianpress.com\/v1\/wp-content\/uploads\/2022\/07\/Foto-6-A-querida-Simara-de-Oliveira-gosta-300x188.jpg 300w\" sizes=\"(max-width: 700px) 100vw, 700px\" \/><br \/>\nA querida Simara de Oliveira gosta de viajar e descobrir lugares diferentes e muito bonito, nesta foto ela explora Roosevelt Island em NY, uma dica \u00f3tima.<\/strong><\/em><\/p>\n","protected":false},"excerpt":{"rendered":"<p>Kimberly Krug e Victor S\u00fatil uma uni\u00e3o cheia de amor e carinho. Que os noivos sejam muito felizes Nossas felicita\u00e7\u00f5es e votos de muita Sa\u00fade, Alegrias e Sucesso a Querida Irm\u00e3 e Amiga Maria das Gra\u00e7as que completou mais um ano de vida sob a prote\u00e7\u00e3o de Nosso Senhor Jesus e o Amor entre amigos e familiares em Newark. O cabe\u00e7a dos Racionais MCs, Mano Brown e companheiro estiveram na Lanchonete Altas Horas no Domingo para abastecer as energias ap\u00f3s o Grande Show no Ritz Theater em New Jersey. Parab\u00e9ns a equipe do Altas Horas sempre competente e prestativa. E [&hellip;]<\/p>\n","protected":false},"author":1,"featured_media":52457,"comment_status":"open","ping_status":"closed","sticky":false,"template":"","format":"standard","meta":{"_links_to":"","_links_to_target":""},"categories":[3,1,6],"tags":[],"views":1594,"_links":{"self":[{"href":"https:\/\/www.brazilianpress.com\/v1\/wp-json\/wp\/v2\/posts\/52463"}],"collection":[{"href":"https:\/\/www.brazilianpress.com\/v1\/wp-json\/wp\/v2\/posts"}],"about":[{"href":"https:\/\/www.brazilianpress.com\/v1\/wp-json\/wp\/v2\/types\/post"}],"author":[{"embeddable":true,"href":"https:\/\/www.brazilianpress.com\/v1\/wp-json\/wp\/v2\/users\/1"}],"replies":[{"embeddable":true,"href":"https:\/\/www.brazilianpress.com\/v1\/wp-json\/wp\/v2\/comments?post=52463"}],"version-history":[{"count":1,"href":"https:\/\/www.brazilianpress.com\/v1\/wp-json\/wp\/v2\/posts\/52463\/revisions"}],"predecessor-version":[{"id":52464,"href":"https:\/\/www.brazilianpress.com\/v1\/wp-json\/wp\/v2\/posts\/52463\/revisions\/52464"}],"wp:featuredmedia":[{"embeddable":true,"href":"https:\/\/www.brazilianpress.com\/v1\/wp-json\/wp\/v2\/media\/52457"}],"wp:attachment":[{"href":"https:\/\/www.brazilianpress.com\/v1\/wp-json\/wp\/v2\/media?parent=52463"}],"wp:term":[{"taxonomy":"category","embeddable":true,"href":"https:\/\/www.brazilianpress.com\/v1\/wp-json\/wp\/v2\/categories?post=52463"},{"taxonomy":"post_tag","embeddable":true,"href":"https:\/\/www.brazilianpress.com\/v1\/wp-json\/wp\/v2\/tags?post=52463"}],"curies":[{"name":"wp","href":"https:\/\/api.w.org\/{rel}","templated":true}]}}