{"id":52465,"date":"2022-07-22T17:15:59","date_gmt":"2022-07-22T21:15:59","guid":{"rendered":"https:\/\/www.brazilianpress.com\/v1\/?p=52465"},"modified":"2022-07-22T17:15:59","modified_gmt":"2022-07-22T21:15:59","slug":"lea-campos-var-de-mal-a-pior","status":"publish","type":"post","link":"https:\/\/www.brazilianpress.com\/v1\/2022\/07\/22\/lea-campos-var-de-mal-a-pior\/","title":{"rendered":"L\u00e9a Campos: VAR de Mal \u00e0 Pior"},"content":{"rendered":"<p><strong>Quando foi anunciada a tecnologia VAR, tive a oportunidade de contestar a efic\u00e1cia de dito sistema. Recebi at\u00e9 pux\u00e3o de orelha de um dos seus criadores, dizendo que eu n\u00e3o entendia o grande benef\u00edcio do VAR. Hoje podemos ver os que s\u00e3o beneficiados.<\/strong><\/p>\n<p>Nos anos anteriores, por n\u00e3o ter VAR, na s\u00e9rie B a decis\u00e3o ficava unicamente sob o poder discricion\u00e1rio do \u00e1rbitro central.<\/p>\n<p>Sempre fui a favor do \u00e1rbitro ter o poder vinculado, ou seja, que o obriga a agir dentro da lei sem liberdade de agir de outra forma. Enquanto o poder discricion\u00e1rio permite que o \u00e1rbitro tenha a liberdade de agir a sua conveni\u00eancia.<\/p>\n<p>A CBF foi &#8220;obrigada&#8221; a punir os \u00e1rbitros respons\u00e1veis pela tecnologia no\u00a0 jogo entre Cruzeiro e Ituense, porque foi poss\u00edvel ver que os \u00e1rbitros do VAR erraram ao levar o \u00e1rbitro do jogo a anular o gol feito pelo jogador Edu, terminando jogo em empate sem gols.<\/p>\n<p>Os \u00e1rbitros do VAR passar\u00e3o por reciclagem, porque erraram com essa conclus\u00e3o, o auxiliar Carlos Henrique Cardoso de Souza e o observador Gilberto Corrale est\u00e3o temporariamente afastados, apenas o \u00e1rbitro respons\u00e1vel pelo VAR, Pathrice Wallace Correa Maia.<\/p>\n<p>N\u00e3o consigo entender, se \u00e9 uma equipe que trabalha no VAR, por que o respons\u00e1vel pelo sistema n\u00e3o \u00e9 punido? N\u00e3o tem l\u00f3gica.<\/p>\n<p>Assim sendo, os punidos ser\u00e3o encaminhados ao PADA ( Programa de Assist\u00eancia ao Desempenho da Arbitragem).<\/p>\n<p>Enquanto o VAR age,\u00a0e em alguns casos como j\u00e1 ficou provado, for\u00e7ando o \u00e1rbitro central a tomar uma decis\u00e3o errada, os times s\u00e3o penalizados e tendo preju\u00edzos financeiros e moral.<\/p>\n<p>Quando eu apitava \u00e9ramos um trio, o \u00e1rbitro central e dois auxiliares (bandeirinhas) hoje s\u00e3o quatro.<\/p>\n<p>Vi o Fabio (goleiro) ser expulso de um jogo do Cruzeiro por interfer\u00eancia do quarto \u00e1rbitro, Gabriel Murta Barbos Maciel.<\/p>\n<p>O quarto \u00e1rbitro neste caso, atuou como se fosse VAR, j\u00e1 que o ano passado este sistema n\u00e3o funcionou para a s\u00e9rie B.<\/p>\n<p>Um absurdo que deveria ter sido analisado pela CBF como interfer\u00eancia externa.<\/p>\n<p>O VAR induz o \u00e1rbitro, mas a decis\u00e3o \u00e9 unicamente dele.<\/p>\n<p>No caso do F\u00e1bio, o quarto \u00e1rbitro n\u00e3o deveria ter sido levado em conta, pois ele \u00e9 apenas uma figura decorativa, um levantador de placa para mostrar substitui\u00e7\u00e3o de jogadores e tempo extra no jogo.<\/p>\n<p>Apesar do erro de F\u00e1bio, pegar a bola com a m\u00e1o fora da \u00e1rea, ser punido com expuls\u00e3o, creio que foi muito forte.<\/p>\n<p>Poderia ter dado um tiro livre e uma advert\u00eancia apenas ao goleiro.<\/p>\n<p>Para concluir, vou ser sempre contra este tipo de tecnologia, tira a vibra\u00e7\u00e3o do jogo\u00a0 para a torcida e esfria os jogadores.<\/p>\n<p>J\u00e1 assisti jogo ter 10 minutos extras devido consultas ao VAR.<\/p>\n<p>Penso que o nome deveria ser VARA (V\u00eddeo Acaba com Reputa\u00e7\u00e3o de \u00c1rbitro).<\/p>\n","protected":false},"excerpt":{"rendered":"<p>Quando foi anunciada a tecnologia VAR, tive a oportunidade de contestar a efic\u00e1cia de dito sistema. Recebi at\u00e9 pux\u00e3o de orelha de um dos seus criadores, dizendo que eu n\u00e3o entendia o grande benef\u00edcio do VAR. Hoje podemos ver os que s\u00e3o beneficiados. Nos anos anteriores, por n\u00e3o ter VAR, na s\u00e9rie B a decis\u00e3o ficava unicamente sob o poder discricion\u00e1rio do \u00e1rbitro central. Sempre fui a favor do \u00e1rbitro ter o poder vinculado, ou seja, que o obriga a agir dentro da lei sem liberdade de agir de outra forma. Enquanto o poder discricion\u00e1rio permite que o \u00e1rbitro tenha [&hellip;]<\/p>\n","protected":false},"author":1,"featured_media":52466,"comment_status":"open","ping_status":"closed","sticky":false,"template":"","format":"standard","meta":{"_links_to":"","_links_to_target":""},"categories":[15,1],"tags":[],"views":1547,"_links":{"self":[{"href":"https:\/\/www.brazilianpress.com\/v1\/wp-json\/wp\/v2\/posts\/52465"}],"collection":[{"href":"https:\/\/www.brazilianpress.com\/v1\/wp-json\/wp\/v2\/posts"}],"about":[{"href":"https:\/\/www.brazilianpress.com\/v1\/wp-json\/wp\/v2\/types\/post"}],"author":[{"embeddable":true,"href":"https:\/\/www.brazilianpress.com\/v1\/wp-json\/wp\/v2\/users\/1"}],"replies":[{"embeddable":true,"href":"https:\/\/www.brazilianpress.com\/v1\/wp-json\/wp\/v2\/comments?post=52465"}],"version-history":[{"count":1,"href":"https:\/\/www.brazilianpress.com\/v1\/wp-json\/wp\/v2\/posts\/52465\/revisions"}],"predecessor-version":[{"id":52467,"href":"https:\/\/www.brazilianpress.com\/v1\/wp-json\/wp\/v2\/posts\/52465\/revisions\/52467"}],"wp:featuredmedia":[{"embeddable":true,"href":"https:\/\/www.brazilianpress.com\/v1\/wp-json\/wp\/v2\/media\/52466"}],"wp:attachment":[{"href":"https:\/\/www.brazilianpress.com\/v1\/wp-json\/wp\/v2\/media?parent=52465"}],"wp:term":[{"taxonomy":"category","embeddable":true,"href":"https:\/\/www.brazilianpress.com\/v1\/wp-json\/wp\/v2\/categories?post=52465"},{"taxonomy":"post_tag","embeddable":true,"href":"https:\/\/www.brazilianpress.com\/v1\/wp-json\/wp\/v2\/tags?post=52465"}],"curies":[{"name":"wp","href":"https:\/\/api.w.org\/{rel}","templated":true}]}}